{"id":131674,"date":"2019-01-22T16:07:26","date_gmt":"2019-01-22T18:07:26","guid":{"rendered":"https:\/\/diarioregionaldigital.com.br\/?p=131674"},"modified":"2019-01-22T16:07:26","modified_gmt":"2019-01-22T18:07:26","slug":"mais-medicos-profissionais-tem-novas-datas-para-selecionar-municipios","status":"publish","type":"post","link":"https:\/\/diarioregionaldigital.com.br\/?p=131674","title":{"rendered":"Mais M\u00e9dicos: profissionais t\u00eam novas datas para selecionar munic\u00edpios"},"content":{"rendered":"<p>Brasileiros formados no exterior e estrangeiros inscritos no Programa Mais M\u00e9dicos t\u00eam novas datas para selecionar os munic\u00edpios que ainda t\u00eam vagas abertas. O primeiro grupo tem os dias 7 e 8 de fevereiro para escolher a localidade no<em> site<\/em> do programa. Nos dias 18 e 19 do mesmo m\u00eas, ser\u00e1 a vez de estrangeiros terem acesso ao sistema para optar pelas vagas.<\/p>\n<p>De acordo com o Minist\u00e9rio da Sa\u00fade, a altera\u00e7\u00e3o no cronograma se deu por conta do per\u00edodo de carnaval, que seria durante o acolhimento dos m\u00e9dicos. Com a mudan\u00e7a, a valida\u00e7\u00e3o dos m\u00e9dicos brasileiros que est\u00e3o com a documenta\u00e7\u00e3o correta est\u00e1 prevista para ser divulgada no dia 31 de janeiro. No dia 12 de fevereiro, ser\u00e1 divulgado o resultado dos m\u00e9dicos estrangeiros, que ter\u00e3o a mesma oportunidade, conforme o novo cronograma.<\/p>\n<p>Ap\u00f3s a escolha desses profissionais, o governo federal deve publicar, nos dias 13 e 21 de fevereiro, a lista com os nomes de brasileiros e estrangeiros respectivamente alocados nas cidades selecionadas. Ao todo, 10.205 profissionais brasileiros e estrangeiros com habilita\u00e7\u00e3o para exerc\u00edcio da medicina no exterior (sem registro no Brasil) completaram a inscri\u00e7\u00e3o no Mais M\u00e9dicos.<\/p>\n<p>As inscri\u00e7\u00f5es para o atual edital come\u00e7aram com profissionais com registro no Brasil escolhendo as cidades dispon\u00edveis. Balan\u00e7o divulgado no \u00faltimo dia 15 pela pasta mostra que 82% das vagas j\u00e1 foram preenchidas. Os postos que estiverem em aberto ser\u00e3o disponibilizados nesta pr\u00f3xima etapa.<\/p>\n<p><strong>Confira o cronograma completo:<\/strong><\/p>\n<p>31\/01 &#8211; Publica\u00e7\u00e3o da valida\u00e7\u00e3o dos documentos dos brasileiros formados no exterior.<\/p>\n<p>07\/02 &#8211; Publica\u00e7\u00e3o da rela\u00e7\u00e3o dos munic\u00edpios com vagas remanescentes.<\/p>\n<p>07 e 08\/02 &#8211; Brasileiros formados no exterior escolhem vagas dispon\u00edveis.<\/p>\n<p>12\/02 &#8211; Publica\u00e7\u00e3o da valida\u00e7\u00e3o dos documentos dos estrangeiros formados no exterior.<\/p>\n<p>18\/02 &#8211; Publica\u00e7\u00e3o da rela\u00e7\u00e3o dos munic\u00edpios com vagas remanescentes.<\/p>\n<p>18 e 19\/02 \u2013 Estrangeiros formados no exterior escolhem vagas dispon\u00edveis.<\/p>\n<p>Fonte: Ag\u00eancia Brasil<\/p>\n","protected":false},"excerpt":{"rendered":"<p>Brasileiros formados no exterior e estrangeiros inscritos no Programa Mais M\u00e9dicos t\u00eam novas datas para selecionar os munic\u00edpios que ainda t\u00eam vagas abertas. O primeiro grupo tem os dias 7 e 8 de fevereiro para escolher a localidade no site do programa. Nos dias 18 e 19 do mesmo m\u00eas, ser\u00e1 a vez de estrangeiros [&hellip;]<\/p>\n","protected":false},"author":96,"featured_media":131675,"comment_status":"closed","ping_status":"closed","sticky":false,"template":"","format":"standard","meta":{"footnotes":""},"categories":[302,436,439],"tags":[],"class_list":["post-131674","post","type-post","status-publish","format-standard","has-post-thumbnail","hentry","category-brasil-mundo","category-destaque-da-semana","category-ultima-hora"],"_links":{"self":[{"href":"https:\/\/diarioregionaldigital.com.br\/index.php?rest_route=\/wp\/v2\/posts\/131674","targetHints":{"allow":["GET"]}}],"collection":[{"href":"https:\/\/diarioregionaldigital.com.br\/index.php?rest_route=\/wp\/v2\/posts"}],"about":[{"href":"https:\/\/diarioregionaldigital.com.br\/index.php?rest_route=\/wp\/v2\/types\/post"}],"author":[{"embeddable":true,"href":"https:\/\/diarioregionaldigital.com.br\/index.php?rest_route=\/wp\/v2\/users\/96"}],"replies":[{"embeddable":true,"href":"https:\/\/diarioregionaldigital.com.br\/index.php?rest_route=%2Fwp%2Fv2%2Fcomments&post=131674"}],"version-history":[{"count":0,"href":"https:\/\/diarioregionaldigital.com.br\/index.php?rest_route=\/wp\/v2\/posts\/131674\/revisions"}],"wp:featuredmedia":[{"embeddable":true,"href":"https:\/\/diarioregionaldigital.com.br\/index.php?rest_route=\/wp\/v2\/media\/131675"}],"wp:attachment":[{"href":"https:\/\/diarioregionaldigital.com.br\/index.php?rest_route=%2Fwp%2Fv2%2Fmedia&parent=131674"}],"wp:term":[{"taxonomy":"category","embeddable":true,"href":"https:\/\/diarioregionaldigital.com.br\/index.php?rest_route=%2Fwp%2Fv2%2Fcategories&post=131674"},{"taxonomy":"post_tag","embeddable":true,"href":"https:\/\/diarioregionaldigital.com.br\/index.php?rest_route=%2Fwp%2Fv2%2Ftags&post=131674"}],"curies":[{"name":"wp","href":"https:\/\/api.w.org\/{rel}","templated":true}]}}