{"id":131671,"date":"2019-01-22T16:03:26","date_gmt":"2019-01-22T18:03:26","guid":{"rendered":"https:\/\/diarioregionaldigital.com.br\/?p=131671"},"modified":"2019-01-22T16:03:26","modified_gmt":"2019-01-22T18:03:26","slug":"bolsonaro-diz-que-vai-trabalhar-para-o-brasil-ser-exemplo-para-o-mundo","status":"publish","type":"post","link":"https:\/\/diarioregionaldigital.com.br\/?p=131671","title":{"rendered":"Bolsonaro diz que vai trabalhar para o Brasil ser exemplo para o mundo"},"content":{"rendered":"<p>Em discurso \u201ccurto\u201d e \u201cobjetivo\u201d como havia anunciado, com dura\u00e7\u00e3o de 6 minutos e 36 segundos, o presidente Jair Bolsonaro reafirmou hoje, 22, no F\u00f3rum Econ\u00f4mico Mundial, em Davos na Su\u00ed\u00e7a, os compromissos de campanha. Ele destacou a determina\u00e7\u00e3o de abrir a economia, atrair investidores, fazer reformas, diminuir o peso do Estado e combater a corrup\u00e7\u00e3o. \u201cRepresentamos um ponto de inflex\u00e3o.\u201d<\/p>\n<p>Bolsonaro citou tr\u00eas de seus ministros Sergio Moro (Justi\u00e7a e Seguran\u00e7a P\u00fablica), Paulo Guedes (Economia) e Ernesto Ara\u00fajo (Rela\u00e7\u00f5es Exteriores). Ap\u00f3s o discurso, ele respondeu a perguntas dos organizadores do f\u00f3rum sobre preserva\u00e7\u00e3o do meio ambiente e desenvolvimento econ\u00f4mico, combate \u00e0 corrup\u00e7\u00e3o e crescimento da Am\u00e9rica Latina.<\/p>\n<p>O presidente se comprometeu a colocar o Brasil \u201cno <em>ranking <\/em>dos 50 melhores pa\u00edses para se fazer neg\u00f3cios\u201d, atrair capital estrangeiro, explorar recursos naturais, fazer as reformas tribut\u00e1ria e da Previd\u00eancia Social, investir em educa\u00e7\u00e3o, incentivar turismo e manter a sustentabilidade do agroneg\u00f3cio. \u201cAvan\u00e7ar na compatibiliza\u00e7\u00e3o entre a preserva\u00e7\u00e3o do meio ambiente e da biodiversidade com o necess\u00e1rio desenvolvimento econ\u00f4mico.\u201d<\/p>\n<h2>Compatibiliza\u00e7\u00e3o<\/h2>\n<p>Bolsonaro enfatizou que o Brasil \u00e9 \u201co pa\u00eds que mais preserva o meio ambiente. Nenhum outro pa\u00eds do mundo tem tantas florestas como n\u00f3s. A agricultura se faz presente em apenas 9% do nosso territ\u00f3rio e cresce gra\u00e7as a sua tecnologia e \u00e0 compet\u00eancia do produtor rural. Menos de 20% do nosso solo \u00e9 dedicado \u00e0 pecu\u00e1ria\u201d, destacou.<\/p>\n<p>\u201cEssas <em>commodities <\/em>[produtos prim\u00e1rios com cota\u00e7\u00e3o internacional], em grande parte, garantem super\u00e1vit em nossa balan\u00e7a comercial e alimentam boa parte do mundo\u201d, acrescentou o presidente. Ele tamb\u00e9m assegurou a vontade de \u201caprofundar\u201d as rela\u00e7\u00f5es comerciais.<\/p>\n<p>Segundo o presidente, seu esfor\u00e7o ser\u00e1 para que o Brasil se torne um exemplo para o mundo. \u201cNossa miss\u00e3o agora \u00e9 avan\u00e7ar na compatibiliza\u00e7\u00e3o entre a preserva\u00e7\u00e3o do meio ambiente e da biodiversidade com o necess\u00e1rio desenvolvimento econ\u00f4mico, lembrando que s\u00e3o interdependentes e indissoci\u00e1veis.\u201d<\/p>\n<p>Bolsonaro disse que est\u00e1 empenhado em \u201cintegrar o Brasil ao mundo\u201d. Para ele, um dos caminhos \u00e9 a \u201cdefesa ativa da reforma\u201d da Organiza\u00e7\u00e3o Mundial do Com\u00e9rcio (OMC) para buscar a elimina\u00e7\u00e3o do que chamou de \u201cpr\u00e1ticas desleais de com\u00e9rcio e garantir seguran\u00e7a jur\u00eddica das trocas comerciais internacionais\u201d.<\/p>\n<h2>Reformas<\/h2>\n<p>O presidente destacou que pretende implementar uma s\u00e9rie de medidas no pa\u00eds, e citou as reformas, a redu\u00e7\u00e3o de tributos e a desburocratiza\u00e7\u00e3o. Segundo ele, s\u00e3o a\u00e7\u00f5es que v\u00e3o levar ao desenvolvimento econ\u00f4mico e \u00e0 estabilidade.<\/p>\n<p>\u201cVamos diminuir a carga tribut\u00e1ria, simplificar as normas, facilitando a vida de quem deseja produzir, empreender, investir e gerar empregos. Trabalharemos pela estabilidade macroecon\u00f4mica, respeitando os contratos, privatizando e equilibrando as contas p\u00fablicas.\u201d<\/p>\n<h2>Valores<\/h2>\n<p>O presidente ressaltou que gastou menos de US$ 1 milh\u00e3o na sua campanha e que o pa\u00eds precisa de resgatar valores. \u201cAssumi o Brasil em uma profunda crise \u00e9tica, moral e econ\u00f4mica. Temos o compromisso de mudar nossa hist\u00f3ria.\u201d<\/p>\n<p>Bolsonaro enfatizou que vai resgatar valores. \u201cVamos defender a fam\u00edlia e os verdadeiros direitos humanos; proteger o direito \u00e0 vida e \u00e0 propriedade privada e promover uma educa\u00e7\u00e3o que prepare nossa juventude para os desafios da quarta revolu\u00e7\u00e3o industrial, buscando, pelo conhecimento, reduzir a pobreza e a mis\u00e9ria.\u201d<\/p>\n<h2>Combate \u00e0 corrup\u00e7\u00e3o<\/h2>\n<p>No discurso, Bolsonaro destacou ainda a presen\u00e7a do ministro da Justi\u00e7a e Seguran\u00e7a P\u00fablica, Sergio Moro: \u201cO homem certo para o combate \u00e0 corrup\u00e7\u00e3o e o combate \u00e0 lavagem de dinheiro\u201d, disse. Ao ser questionado sobre seus planos para a \u00e1rea, ele disse que Moro tem \u201ctodos os meios para seguir o dinheiro no combate \u00e0 corrup\u00e7\u00e3o e no combate ao crime organizado\u201d.<\/p>\n<p>\u201c\u00c9 mudando a legisla\u00e7\u00e3o e aperfei\u00e7oando outra parte da mesma. Dessa forma, tenho certeza de que atingiremos nosso objetivo\u201d, respondeu.<\/p>\n<p>Bolsonaro tamb\u00e9m acrescentou que os ministros foram indicados de forma t\u00e9cnica, sem participa\u00e7\u00e3o pol\u00edtico-partid\u00e1ria. \u201cPrecisamos, sim, muito do Parlamento brasileiro e confiamos que grande parte do mesmo nos dar\u00e1 respaldo na busca do combate \u00e0 corrup\u00e7\u00e3o e na lavagem de dinheiro. Dessa forma, o Brasil ser\u00e1 visto de forma diferente aqui fora.\u201d<\/p>\n<h2>Seguran\u00e7a<\/h2>\n<p>De acordo com o presidente, o governo federal investir\u00e1 de forma intensa na seguran\u00e7a p\u00fablica e convidou os presentes a conhecer o Brasil, lembrando que, apesar das belezas naturais, o pa\u00eds n\u00e3o est\u00e1 entre os 40 principais destinos tur\u00edsticos do mundo. Ele destacou que pretende dinamizar o turismo no Brasil<\/p>\n<p>\u201cVamos investir pesado na seguran\u00e7a para que voc\u00eas nos visitem com suas fam\u00edlias, pois somos um dos primeiros pa\u00edses em belezas naturais, mas n\u00e3o estamos entre os 40 destinos tur\u00edsticos mais visitados do mundo. Conhe\u00e7am a nossa Amaz\u00f4nia, nossas praias, nossas cidades e nosso Pantanal. O Brasil \u00e9 um para\u00edso, mas ainda \u00e9 pouco conhecido.\u201d<\/p>\n<h2>Estreia<\/h2>\n<p>Bolsonaro sublinhou que a sua presen\u00e7a no encontro \u00e9 primeira viagem internacional que faz ap\u00f3s a elei\u00e7\u00e3o, comprovando a import\u00e2ncia que atribui \u00e0s pautas que t\u00eam sido promovidas pelo F\u00f3rum de Davos.<\/p>\n<p>\u201cEsta \u00e9 a primeira viagem internacional que realizo ap\u00f3s minha elei\u00e7\u00e3o, prova da import\u00e2ncia que atribuo \u00e0s pautas que este f\u00f3rum tem promovido e priorizado\u201d, disse. \u201c\u00c9, para mim, uma grande oportunidade de mostrar para o mundo o momento \u00fanico em que vivemos em meu pa\u00eds e para apresentar a todos o novo Brasil que estamos construindo.\u201d<\/p>\n<p>O presidente disse que pretende viajar em breve para Israel, It\u00e1lia, Argentina e Chile.<\/p>\n<p>Fonte: Ag\u00eancia Brasil<\/p>\n","protected":false},"excerpt":{"rendered":"<p>Em discurso \u201ccurto\u201d e \u201cobjetivo\u201d como havia anunciado, com dura\u00e7\u00e3o de 6 minutos e 36 segundos, o presidente Jair Bolsonaro reafirmou hoje, 22, no F\u00f3rum Econ\u00f4mico Mundial, em Davos na Su\u00ed\u00e7a, os compromissos de campanha. Ele destacou a determina\u00e7\u00e3o de abrir a economia, atrair investidores, fazer reformas, diminuir o peso do Estado e combater a [&hellip;]<\/p>\n","protected":false},"author":96,"featured_media":131672,"comment_status":"closed","ping_status":"closed","sticky":false,"template":"","format":"standard","meta":{"footnotes":""},"categories":[436,254,439],"tags":[],"class_list":["post-131671","post","type-post","status-publish","format-standard","has-post-thumbnail","hentry","category-destaque-da-semana","category-politica","category-ultima-hora"],"_links":{"self":[{"href":"https:\/\/diarioregionaldigital.com.br\/index.php?rest_route=\/wp\/v2\/posts\/131671","targetHints":{"allow":["GET"]}}],"collection":[{"href":"https:\/\/diarioregionaldigital.com.br\/index.php?rest_route=\/wp\/v2\/posts"}],"about":[{"href":"https:\/\/diarioregionaldigital.com.br\/index.php?rest_route=\/wp\/v2\/types\/post"}],"author":[{"embeddable":true,"href":"https:\/\/diarioregionaldigital.com.br\/index.php?rest_route=\/wp\/v2\/users\/96"}],"replies":[{"embeddable":true,"href":"https:\/\/diarioregionaldigital.com.br\/index.php?rest_route=%2Fwp%2Fv2%2Fcomments&post=131671"}],"version-history":[{"count":0,"href":"https:\/\/diarioregionaldigital.com.br\/index.php?rest_route=\/wp\/v2\/posts\/131671\/revisions"}],"wp:featuredmedia":[{"embeddable":true,"href":"https:\/\/diarioregionaldigital.com.br\/index.php?rest_route=\/wp\/v2\/media\/131672"}],"wp:attachment":[{"href":"https:\/\/diarioregionaldigital.com.br\/index.php?rest_route=%2Fwp%2Fv2%2Fmedia&parent=131671"}],"wp:term":[{"taxonomy":"category","embeddable":true,"href":"https:\/\/diarioregionaldigital.com.br\/index.php?rest_route=%2Fwp%2Fv2%2Fcategories&post=131671"},{"taxonomy":"post_tag","embeddable":true,"href":"https:\/\/diarioregionaldigital.com.br\/index.php?rest_route=%2Fwp%2Fv2%2Ftags&post=131671"}],"curies":[{"name":"wp","href":"https:\/\/api.w.org\/{rel}","templated":true}]}}