{"id":131665,"date":"2019-01-22T10:10:36","date_gmt":"2019-01-22T12:10:36","guid":{"rendered":"https:\/\/diarioregionaldigital.com.br\/?p=131665"},"modified":"2019-01-22T10:10:36","modified_gmt":"2019-01-22T12:10:36","slug":"parque-do-museu-recebe-atividades-do-programa-gente-em-primeiro-lugar","status":"publish","type":"post","link":"https:\/\/diarioregionaldigital.com.br\/?p=131665","title":{"rendered":"Parque do Museu recebe atividades do Programa \u201cGente em Primeiro Lugar\u201d"},"content":{"rendered":"<p>Nesta semana acontecer\u00e1 s\u00e9rie de atividades na promo\u00e7\u00e3o das oficinas oferecidas gratuitamente por meio do programa \u201cGente em Primeiro Lugar\u201d, da Prefeitura de Juiz de Fora. Dentre v\u00e1rios espa\u00e7os que receber\u00e3o a iniciativa, o parque do Museu \u201cMariano Proc\u00f3pio\u201d ser\u00e1 cen\u00e1rio de algumas das apresenta\u00e7\u00f5es da programa\u00e7\u00e3o divulgada pela Funda\u00e7\u00e3o Cultural \u201cAlfredo Ferreira Lage\u201d (Funalfa), entre elas, dan\u00e7a, m\u00fasica e capoeira.<\/p>\n<p>Nesta ter\u00e7a-feira, 22, e na quarta, 23, ser\u00e1 montado estande no parque do Museu, de 9 \u00e0s 12 horas. E na quinta, 24, a atividade ser\u00e1 das 14 \u00e0s 17 horas. Durante os tr\u00eas dias ser\u00e3o apresentadas algumas das atividades promovidas pelo programa, a fim de permitir que o p\u00fablico conhe\u00e7a um pouco mais sobre as oficinas que atendem crian\u00e7as, adolescentes e jovens em mais de 56 bairros de Juiz de Fora. Os interessados tamb\u00e9m poder\u00e3o fazer pr\u00e9-matr\u00edcula nas turmas que ainda estiverem com vagas abertas. Atualmente s\u00e3o 3.500 participantes em oficinas de dan\u00e7a urbana, bal\u00e9 cl\u00e1ssico, sapateado, jazz, dan\u00e7a contempor\u00e2nea, teatro, grafite, artesanato, percuss\u00e3o, flauta, viol\u00e3o e capoeira.<\/p>\n<p>&nbsp;<\/p>\n<p>Fonte: PJF<\/p>\n<p>&nbsp;<\/p>\n<p>&nbsp;<\/p>\n","protected":false},"excerpt":{"rendered":"<p>Nesta semana acontecer\u00e1 s\u00e9rie de atividades na promo\u00e7\u00e3o das oficinas oferecidas gratuitamente por meio do programa \u201cGente em Primeiro Lugar\u201d, da Prefeitura de Juiz de Fora. Dentre v\u00e1rios espa\u00e7os que receber\u00e3o a iniciativa, o parque do Museu \u201cMariano Proc\u00f3pio\u201d ser\u00e1 cen\u00e1rio de algumas das apresenta\u00e7\u00f5es da programa\u00e7\u00e3o divulgada pela Funda\u00e7\u00e3o Cultural \u201cAlfredo Ferreira Lage\u201d (Funalfa), [&hellip;]<\/p>\n","protected":false},"author":96,"featured_media":131666,"comment_status":"closed","ping_status":"closed","sticky":false,"template":"","format":"standard","meta":{"footnotes":""},"categories":[253,436,262,439],"tags":[],"class_list":["post-131665","post","type-post","status-publish","format-standard","has-post-thumbnail","hentry","category-cidade","category-destaque-da-semana","category-noticias","category-ultima-hora"],"_links":{"self":[{"href":"https:\/\/diarioregionaldigital.com.br\/index.php?rest_route=\/wp\/v2\/posts\/131665","targetHints":{"allow":["GET"]}}],"collection":[{"href":"https:\/\/diarioregionaldigital.com.br\/index.php?rest_route=\/wp\/v2\/posts"}],"about":[{"href":"https:\/\/diarioregionaldigital.com.br\/index.php?rest_route=\/wp\/v2\/types\/post"}],"author":[{"embeddable":true,"href":"https:\/\/diarioregionaldigital.com.br\/index.php?rest_route=\/wp\/v2\/users\/96"}],"replies":[{"embeddable":true,"href":"https:\/\/diarioregionaldigital.com.br\/index.php?rest_route=%2Fwp%2Fv2%2Fcomments&post=131665"}],"version-history":[{"count":0,"href":"https:\/\/diarioregionaldigital.com.br\/index.php?rest_route=\/wp\/v2\/posts\/131665\/revisions"}],"wp:featuredmedia":[{"embeddable":true,"href":"https:\/\/diarioregionaldigital.com.br\/index.php?rest_route=\/wp\/v2\/media\/131666"}],"wp:attachment":[{"href":"https:\/\/diarioregionaldigital.com.br\/index.php?rest_route=%2Fwp%2Fv2%2Fmedia&parent=131665"}],"wp:term":[{"taxonomy":"category","embeddable":true,"href":"https:\/\/diarioregionaldigital.com.br\/index.php?rest_route=%2Fwp%2Fv2%2Fcategories&post=131665"},{"taxonomy":"post_tag","embeddable":true,"href":"https:\/\/diarioregionaldigital.com.br\/index.php?rest_route=%2Fwp%2Fv2%2Ftags&post=131665"}],"curies":[{"name":"wp","href":"https:\/\/api.w.org\/{rel}","templated":true}]}}