{"id":131661,"date":"2019-01-22T10:06:35","date_gmt":"2019-01-22T12:06:35","guid":{"rendered":"https:\/\/diarioregionaldigital.com.br\/?p=131661"},"modified":"2019-01-22T10:06:35","modified_gmt":"2019-01-22T12:06:35","slug":"estudos-realizados-no-museu-destacam-producao-litografica-de-pietro-biancovilli","status":"publish","type":"post","link":"https:\/\/diarioregionaldigital.com.br\/?p=131661","title":{"rendered":"Estudos realizados no Museu destacam produ\u00e7\u00e3o litogr\u00e1fica de Pietro Biancovilli"},"content":{"rendered":"<p>Dentre as tantas curiosidades e possibilidades para pesquisa no acervo da Funda\u00e7\u00e3o Museu Mariano Proc\u00f3pio, est\u00e3o dois \u00e1lbuns de r\u00f3tulos, cart\u00f5es e outras pe\u00e7as de litografia e tipografia produzidas por Pietro Biancovilli. Em destaque, os r\u00f3tulos de cervejas, que s\u00e3o constantemente consultados, j\u00e1 que a cidade est\u00e1 retomando a tradi\u00e7\u00e3o da produ\u00e7\u00e3o artesanal da bebida.<\/p>\n<p>Outra linha de estudo \u00e9 o processo de industrializa\u00e7\u00e3o de Juiz de Fora e regi\u00e3o, atrav\u00e9s das pe\u00e7as de propagandas, notas e r\u00f3tulos de produtos, entre o final do s\u00e9culo 19 e in\u00edcio do 20. As pesquisas em diferentes recortes refor\u00e7am a potencialidade desses itens do acervo, assim como outras pe\u00e7as utilizadas para a produ\u00e7\u00e3o de trabalhos acad\u00eamicos, e publica\u00e7\u00f5es em revistas e livros e at\u00e9 mesmo artesanato.<\/p>\n<p>Na disserta\u00e7\u00e3o de Mestrado pelo curso de hist\u00f3ria da Universidade Federal de Juiz de Fora (UFJF), produzida em 2012 por L\u00edgia Lacerda, consta a an\u00e1lise das narrativas visuais, vinculadas \u00e0 mem\u00f3ria da ind\u00fastria gr\u00e1fica regional, tomando-se como investiga\u00e7\u00e3o o estudo da implanta\u00e7\u00e3o da primeira casa litogr\u00e1fica comercial do Estado de Minas Gerais, a Litografia a vapor Pietro Biancovilli. O trabalho com o t\u00edtulo: \u201cPietro Biancovilli: imagens da industrializa\u00e7\u00e3o no \u00e1lbum de litografias do Museu Mariano Proc\u00f3pio (1888-1914)\u201d pode ser consultado no site da UFJF.<\/p>\n<p>Em 2018, foi lan\u00e7ado o livro \u201cAs cervejarias de imigrantes alem\u00e3es e teuto-brasileiros em Juiz de Fora: Pioneirismo da produ\u00e7\u00e3o cervejeira em Minas Gerais\u201d, de Jakeline Lisboa e Salcio Del Duca. Para a publica\u00e7\u00e3o, foi realizada pesquisa no arquivo hist\u00f3rico do Museu. Al\u00e9m deste tipo de pesquisa, a institui\u00e7\u00e3o recebe solicita\u00e7\u00f5es para estudos sobre os mais diferentes temas. As solicita\u00e7\u00f5es podem ser realizadas pelo telefone 3690-2200 ou pelo portal de servi\u00e7os da Prefeitura de Juiz de Fora.<\/p>\n<p>Fonte: PJF<\/p>\n","protected":false},"excerpt":{"rendered":"<p>Dentre as tantas curiosidades e possibilidades para pesquisa no acervo da Funda\u00e7\u00e3o Museu Mariano Proc\u00f3pio, est\u00e3o dois \u00e1lbuns de r\u00f3tulos, cart\u00f5es e outras pe\u00e7as de litografia e tipografia produzidas por Pietro Biancovilli. Em destaque, os r\u00f3tulos de cervejas, que s\u00e3o constantemente consultados, j\u00e1 que a cidade est\u00e1 retomando a tradi\u00e7\u00e3o da produ\u00e7\u00e3o artesanal da bebida. [&hellip;]<\/p>\n","protected":false},"author":96,"featured_media":131662,"comment_status":"closed","ping_status":"closed","sticky":false,"template":"","format":"standard","meta":{"footnotes":""},"categories":[256,436,262,439],"tags":[],"class_list":["post-131661","post","type-post","status-publish","format-standard","has-post-thumbnail","hentry","category-cultura","category-destaque-da-semana","category-noticias","category-ultima-hora"],"_links":{"self":[{"href":"https:\/\/diarioregionaldigital.com.br\/index.php?rest_route=\/wp\/v2\/posts\/131661","targetHints":{"allow":["GET"]}}],"collection":[{"href":"https:\/\/diarioregionaldigital.com.br\/index.php?rest_route=\/wp\/v2\/posts"}],"about":[{"href":"https:\/\/diarioregionaldigital.com.br\/index.php?rest_route=\/wp\/v2\/types\/post"}],"author":[{"embeddable":true,"href":"https:\/\/diarioregionaldigital.com.br\/index.php?rest_route=\/wp\/v2\/users\/96"}],"replies":[{"embeddable":true,"href":"https:\/\/diarioregionaldigital.com.br\/index.php?rest_route=%2Fwp%2Fv2%2Fcomments&post=131661"}],"version-history":[{"count":0,"href":"https:\/\/diarioregionaldigital.com.br\/index.php?rest_route=\/wp\/v2\/posts\/131661\/revisions"}],"wp:featuredmedia":[{"embeddable":true,"href":"https:\/\/diarioregionaldigital.com.br\/index.php?rest_route=\/wp\/v2\/media\/131662"}],"wp:attachment":[{"href":"https:\/\/diarioregionaldigital.com.br\/index.php?rest_route=%2Fwp%2Fv2%2Fmedia&parent=131661"}],"wp:term":[{"taxonomy":"category","embeddable":true,"href":"https:\/\/diarioregionaldigital.com.br\/index.php?rest_route=%2Fwp%2Fv2%2Fcategories&post=131661"},{"taxonomy":"post_tag","embeddable":true,"href":"https:\/\/diarioregionaldigital.com.br\/index.php?rest_route=%2Fwp%2Fv2%2Ftags&post=131661"}],"curies":[{"name":"wp","href":"https:\/\/api.w.org\/{rel}","templated":true}]}}