{"id":131658,"date":"2019-01-22T09:03:33","date_gmt":"2019-01-22T11:03:33","guid":{"rendered":"https:\/\/diarioregionaldigital.com.br\/?p=131658"},"modified":"2019-01-22T09:03:33","modified_gmt":"2019-01-22T11:03:33","slug":"jovens-missionarios-de-obidos-chegam-em-juiz-de-fora-para-missao","status":"publish","type":"post","link":"https:\/\/diarioregionaldigital.com.br\/?p=131658","title":{"rendered":"Jovens Mission\u00e1rios de \u00d3bidos chegam em Juiz de Fora para miss\u00e3o"},"content":{"rendered":"<p>O m\u00eas de janeiro est\u00e1 sendo bastante agitado para a Arquidiocese de Juiz de Fora, com a Igreja a todo vapor no quesito miss\u00f5es. Primeiro com a Miss\u00e3o JF\/Haiti, visitando o pa\u00eds na semana passada; com os jovens no Panam\u00e1, representando a Igreja local na Jornada Mundial da Juventude (JMJ), j\u00e1 participando da atrav\u00e9s da pr\u00e9-jornada; e agora com uma nova miss\u00e3o: receber, a partir de amanh\u00e3, mission\u00e1rios de \u00d3bidos em Juiz de Fora.<\/p>\n<p>Esta \u00e9 a primeira miss\u00e3o do ano confiada a comunidade Jovens Mission\u00e1rios Continentais (JMC). Nos dias 22 de janeiro a 5 de fevereiro estar\u00e3o acolhendo seis jovens de \u00d3bidos na Par\u00f3quia Santo Ant\u00f4nio do Paraibuna, no Bairro Santo do Paraibuna.<\/p>\n<p>Os jovens do estado do Par\u00e1 ir\u00e3o conhecer o trabalho mission\u00e1rio da comunidade JMC com as miss\u00f5es a serem realizadas em conjunto, como em visitas as casas do bairro Santo Ant\u00f4nio e a pessoas em situa\u00e7\u00e3o de rua. Al\u00e9m de conhecer obras sociais e a par\u00f3quia de S\u00e3o Mateus que \u00e9 correspons\u00e1vel pela par\u00f3quia de S\u00e3o Martinho de Lima, de \u00d3bidos.<\/p>\n<p>A equipe de mission\u00e1rios chega \u00e0 cidade nesta ter\u00e7a-feira, 22, e participa de v\u00e1rias atividades elaboradas pela organiza\u00e7\u00e3o.\u00a0<strong>Confira a programa\u00e7\u00e3o completa:<\/strong><\/p>\n<p><strong>MISS\u00c3O \u00d3BIDOS X JUIZ DE FORA<\/strong><\/p>\n<p><strong>Dia 22 de janeiro \u2013 Ter\u00e7a-feira<br \/>\n<\/strong>Chegada em Juiz de Fora<\/p>\n<p><strong>Dia 23 de janeiro \u2013 Quarta-feira<br \/>\n<\/strong>Visita a cidade<br \/>\n19h \u2013 Missa Catedral Metropolitana<\/p>\n<p><strong>Dia 24 de janeiro \u2013 Quinta-feira<br \/>\n<\/strong>Manh\u00e3: Obra dos pequeninos de Jesus<br \/>\n19h \u2013 Missa de acolhida dos mission\u00e1rios de \u00d3bidos \u2013 Par\u00f3quia S\u00e3o Mateus<\/p>\n<p><strong>De 25 a 27 de janeiro \u2013 (Sexta-feira a Domingo)<br \/>\n<\/strong>Miss\u00e3o com o JMC (Par\u00f3quia Santo Ant\u00f4nio Paraibuna)<\/p>\n<p><strong>Dia 28 de janeiro \u2013 Segunda-feira<br \/>\n<\/strong>Descanso<\/p>\n<p><strong>Dia 29 de janeiro \u2013 Ter\u00e7a-feira<br \/>\n<\/strong>Visita a Tiradentes e S\u00e3o Jo\u00e3o Del Rei<\/p>\n<p><strong>De 30 e 31 de janeiro \u2013 (Quarta-feira a quinta-feira)<br \/>\n<\/strong>Visita a Bas\u00edlica Boa Jesus Livramento, Baependi e Aparecida.<\/p>\n<p><strong>Dia 01 de fevereiro- Sexta-feira<br \/>\n<\/strong>19h \u2013 Missa na Catedral e, em seguida, Miss\u00e3o com os moradores em situa\u00e7\u00e3o de rua<\/p>\n<p><strong>Dia 02 de fevereiro \u2013 S\u00e1bado<br \/>\n<\/strong>19h30 \u2013 Missa de Despedida Par\u00f3quia Santo Ant\u00f4nio Paraibuna<\/p>\n<p><strong>Dia 03 de fevereiro \u2013 Domingo<br \/>\n<\/strong>19h \u2013 Visita e Missa Par\u00f3quia Nossa Senhora de Lourdes<\/p>\n<p><strong>Dia 04 de fevereiro \u2013 Segunda-feira<br \/>\n<\/strong>Descanso<\/p>\n<p><strong>Dia 05 de fevereiro<\/strong>\u00a0<strong>\u2013 Ter\u00e7a-feira<br \/>\n<\/strong>Embarque<\/p>\n<p>&nbsp;<\/p>\n<p>Fonte: Arquidiocese de Juiz de Fora<\/p>\n","protected":false},"excerpt":{"rendered":"<p>O m\u00eas de janeiro est\u00e1 sendo bastante agitado para a Arquidiocese de Juiz de Fora, com a Igreja a todo vapor no quesito miss\u00f5es. Primeiro com a Miss\u00e3o JF\/Haiti, visitando o pa\u00eds na semana passada; com os jovens no Panam\u00e1, representando a Igreja local na Jornada Mundial da Juventude (JMJ), j\u00e1 participando da atrav\u00e9s da [&hellip;]<\/p>\n","protected":false},"author":96,"featured_media":131659,"comment_status":"closed","ping_status":"closed","sticky":false,"template":"","format":"standard","meta":{"footnotes":""},"categories":[253,436,262,439],"tags":[],"class_list":["post-131658","post","type-post","status-publish","format-standard","has-post-thumbnail","hentry","category-cidade","category-destaque-da-semana","category-noticias","category-ultima-hora"],"_links":{"self":[{"href":"https:\/\/diarioregionaldigital.com.br\/index.php?rest_route=\/wp\/v2\/posts\/131658","targetHints":{"allow":["GET"]}}],"collection":[{"href":"https:\/\/diarioregionaldigital.com.br\/index.php?rest_route=\/wp\/v2\/posts"}],"about":[{"href":"https:\/\/diarioregionaldigital.com.br\/index.php?rest_route=\/wp\/v2\/types\/post"}],"author":[{"embeddable":true,"href":"https:\/\/diarioregionaldigital.com.br\/index.php?rest_route=\/wp\/v2\/users\/96"}],"replies":[{"embeddable":true,"href":"https:\/\/diarioregionaldigital.com.br\/index.php?rest_route=%2Fwp%2Fv2%2Fcomments&post=131658"}],"version-history":[{"count":0,"href":"https:\/\/diarioregionaldigital.com.br\/index.php?rest_route=\/wp\/v2\/posts\/131658\/revisions"}],"wp:featuredmedia":[{"embeddable":true,"href":"https:\/\/diarioregionaldigital.com.br\/index.php?rest_route=\/wp\/v2\/media\/131659"}],"wp:attachment":[{"href":"https:\/\/diarioregionaldigital.com.br\/index.php?rest_route=%2Fwp%2Fv2%2Fmedia&parent=131658"}],"wp:term":[{"taxonomy":"category","embeddable":true,"href":"https:\/\/diarioregionaldigital.com.br\/index.php?rest_route=%2Fwp%2Fv2%2Fcategories&post=131658"},{"taxonomy":"post_tag","embeddable":true,"href":"https:\/\/diarioregionaldigital.com.br\/index.php?rest_route=%2Fwp%2Fv2%2Ftags&post=131658"}],"curies":[{"name":"wp","href":"https:\/\/api.w.org\/{rel}","templated":true}]}}