{"id":131650,"date":"2019-01-22T08:34:25","date_gmt":"2019-01-22T10:34:25","guid":{"rendered":"https:\/\/diarioregionaldigital.com.br\/?p=131650"},"modified":"2019-01-22T08:35:44","modified_gmt":"2019-01-22T10:35:44","slug":"bolsonaro-destacara-abertura-economica-e-democracia-em-45-minutos","status":"publish","type":"post","link":"https:\/\/diarioregionaldigital.com.br\/?p=131650","title":{"rendered":"Bolsonaro destacar\u00e1 abertura econ\u00f4mica e democracia em 45 minutos"},"content":{"rendered":"<p>O presidente Jair Bolsonaro discursa nesta ter\u00e7a-feira, 22, pela primeira vez, depois de eleito, no exterior. Ele participa da abertura da 39\u00aa edi\u00e7\u00e3o do F\u00f3rum Econ\u00f4mico Mundial, que re\u00fane a elite pol\u00edtica e econ\u00f4mica global, em Davos, na Su\u00ed\u00e7a. Em um discurso de 45 minutos, vai destacar a disposi\u00e7\u00e3o do Brasil na abertura econ\u00f4mica, no combate \u00e0 corrup\u00e7\u00e3o e no compromisso com a democracia.<\/p>\n<p>Bolsonaro chegou nesta segunda-feira, 21,\u00a0a Davos acompanhado dos ministros da Economia, Paulo Guedes; das Rela\u00e7\u00f5es Exteriores, Ernesto Ara\u00fajo, e da Justi\u00e7a e Seguran\u00e7a P\u00fablica, Sergio Moro.<\/p>\n<p>\u201cQueremos mostrar que o Brasil tomou medidas para que o mundo restabele\u00e7a confian\u00e7a, que os neg\u00f3cios voltem a florescer entre o Brasil e o mundo, sem vi\u00e9s ideol\u00f3gico, que n\u00f3s podemos ser um pa\u00eds bom para investimentos, e, em especial, para o agroneg\u00f3cio\u201d disse ao chegar.<\/p>\n<h2>Imagem externa<\/h2>\n<p>Bolsonaro quer mostrar ainda que a economia brasileira est\u00e1 se modernizando, com abertura comercial, seguran\u00e7a jur\u00eddica para os investidores externos e reformas estruturais.<\/p>\n<p>Na noite desta ter\u00e7a-feira, o presidente tem jantar fechado com os presidentes da Col\u00f4mbia, Iv\u00e1n Duque; do Equador, Len\u00edn Moreno; do Peru, Mart\u00edn Vizcarra; e da Costa Rica, Carlos Alvarado Quesada. Os cinco presidentes latino-americanos assistir\u00e3o a uma apresenta\u00e7\u00e3o do presidente executivo da Microsoft, Satya Nadella.<\/p>\n<p>Nesta quarta-feira, 23, est\u00e1 prevista a participa\u00e7\u00e3o do presidente num almo\u00e7o de trabalho sobre a globaliza\u00e7\u00e3o 4.0, que trata da quarta revolu\u00e7\u00e3o industrial proporcionada pela tecnologia e \u00e9 o tema do F\u00f3rum Econ\u00f4mico Mundial este ano.<\/p>\n<p>Depois, a comitiva retorna a Zurique, de onde embarca de volta para Bras\u00edlia, chegando \u00e0 capital federal na manh\u00e3 desta quinta-feira, 24.<\/p>\n<h2>Ministros<\/h2>\n<p>Os ministros ter\u00e3o agendas paralelas em Davos. Paulo Guedes tem previstas reuni\u00f5es com a diretora-gerente do Fundo Monet\u00e1rio Internacional (FMI), Christine Lagarde, e encontros com o diretor-geral da Organiza\u00e7\u00e3o Mundial do Com\u00e9rcio (OMC), Roberto Azev\u00eado; com o presidente do Banco Interamericano de Desenvolvimento (BID), Luis Roberto Moreno, e com o secret\u00e1rio-geral da C\u00e2mara de Com\u00e9rcio Internacional, John Denton. O ministro da Economia tamb\u00e9m se encontrar\u00e1 com o secret\u00e1rio de Tesouro dos Estados Unidos, Steven Mnuchin.<\/p>\n<p>Guedes tamb\u00e9m pretende reunir-se com empres\u00e1rios das \u00e1reas de infraestrutura, log\u00edstica, energia e tecnologia e representantes de fundos de investimentos e fundos soberanos. Nos encontros, o ministro informar\u00e1 que a equipe econ\u00f4mica trabalha numa agenda calcada em quatro pilares: reforma da Previd\u00eancia, privatiza\u00e7\u00f5es, reforma administrativa e abertura comercial.<\/p>\n<p>Segundo o Minist\u00e9rio da Economia, Guedes informar\u00e1 que o Brasil pretende dobrar os investimentos (p\u00fablico e privados) em pesquisa, tecnologia e inova\u00e7\u00e3o, nos pr\u00f3ximos quatro anos, e a corrente de com\u00e9rcio \u2013 soma de importa\u00e7\u00f5es e exporta\u00e7\u00f5es \u2013 de 22% para 30% do Produto Interno Bruto (PIB, soma dos bens e servi\u00e7os produzidos no pa\u00eds).<\/p>\n<p>A abertura comercial defendida por Guedes ocorreria de forma gradual, acompanhada de um programa de desburocratiza\u00e7\u00e3o e de redu\u00e7\u00e3o de impostos para empresas. Essa diminui\u00e7\u00e3o de tributos seria financiada por privatiza\u00e7\u00f5es e pelas reformas que reduzir\u00e3o os gastos p\u00fablicos nos pr\u00f3ximos anos.<\/p>\n<p>&nbsp;<\/p>\n<p>Fonte: Ag\u00eancia Brasil<\/p>\n","protected":false},"excerpt":{"rendered":"<p>O presidente Jair Bolsonaro discursa nesta ter\u00e7a-feira, 22, pela primeira vez, depois de eleito, no exterior. Ele participa da abertura da 39\u00aa edi\u00e7\u00e3o do F\u00f3rum Econ\u00f4mico Mundial, que re\u00fane a elite pol\u00edtica e econ\u00f4mica global, em Davos, na Su\u00ed\u00e7a. Em um discurso de 45 minutos, vai destacar a disposi\u00e7\u00e3o do Brasil na abertura econ\u00f4mica, no [&hellip;]<\/p>\n","protected":false},"author":96,"featured_media":97709,"comment_status":"closed","ping_status":"closed","sticky":false,"template":"","format":"standard","meta":{"footnotes":""},"categories":[302,436,262,439],"tags":[],"class_list":["post-131650","post","type-post","status-publish","format-standard","has-post-thumbnail","hentry","category-brasil-mundo","category-destaque-da-semana","category-noticias","category-ultima-hora"],"_links":{"self":[{"href":"https:\/\/diarioregionaldigital.com.br\/index.php?rest_route=\/wp\/v2\/posts\/131650","targetHints":{"allow":["GET"]}}],"collection":[{"href":"https:\/\/diarioregionaldigital.com.br\/index.php?rest_route=\/wp\/v2\/posts"}],"about":[{"href":"https:\/\/diarioregionaldigital.com.br\/index.php?rest_route=\/wp\/v2\/types\/post"}],"author":[{"embeddable":true,"href":"https:\/\/diarioregionaldigital.com.br\/index.php?rest_route=\/wp\/v2\/users\/96"}],"replies":[{"embeddable":true,"href":"https:\/\/diarioregionaldigital.com.br\/index.php?rest_route=%2Fwp%2Fv2%2Fcomments&post=131650"}],"version-history":[{"count":0,"href":"https:\/\/diarioregionaldigital.com.br\/index.php?rest_route=\/wp\/v2\/posts\/131650\/revisions"}],"wp:featuredmedia":[{"embeddable":true,"href":"https:\/\/diarioregionaldigital.com.br\/index.php?rest_route=\/wp\/v2\/media\/97709"}],"wp:attachment":[{"href":"https:\/\/diarioregionaldigital.com.br\/index.php?rest_route=%2Fwp%2Fv2%2Fmedia&parent=131650"}],"wp:term":[{"taxonomy":"category","embeddable":true,"href":"https:\/\/diarioregionaldigital.com.br\/index.php?rest_route=%2Fwp%2Fv2%2Fcategories&post=131650"},{"taxonomy":"post_tag","embeddable":true,"href":"https:\/\/diarioregionaldigital.com.br\/index.php?rest_route=%2Fwp%2Fv2%2Ftags&post=131650"}],"curies":[{"name":"wp","href":"https:\/\/api.w.org\/{rel}","templated":true}]}}