{"id":131642,"date":"2019-01-22T08:17:41","date_gmt":"2019-01-22T10:17:41","guid":{"rendered":"https:\/\/diarioregionaldigital.com.br\/?p=131642"},"modified":"2019-01-22T08:17:41","modified_gmt":"2019-01-22T10:17:41","slug":"patrimonio-dos-26-mais-ricos-do-mundo-equivale-ao-da-metade-mais-pobre","status":"publish","type":"post","link":"https:\/\/diarioregionaldigital.com.br\/?p=131642","title":{"rendered":"Patrim\u00f4nio dos 26 mais ricos do mundo equivale ao da metade mais pobre"},"content":{"rendered":"<p>As 26 pessoas mais ricas do mundo det\u00eam\u00a0a mesma riqueza dos 3,8 bilh\u00f5es mais pobres, que correspondem a 50% da humanidade. Os dados, referentes a 2018, fazem parte do relat\u00f3rio global da organiza\u00e7\u00e3o n\u00e3o governamental Oxfam, lan\u00e7ado\u00a0nesta segunda-feira, 21, \u00e0s v\u00e9speras do F\u00f3rum Econ\u00f4mico Mundial, que se inicia neste ter\u00e7a-feira, 22, em Davos, na Su\u00ed\u00e7a. Os n\u00fameros indicam que a riqueza est\u00e1 ainda mais concentrada, pois, em 2017, os mais ricos somavam 43.<\/p>\n<p>A fortuna dos bilion\u00e1rios aumentou 12% em 2018, o equivalente a\u00a0US$ 900 bilh\u00f5es,\u00a0ou US$ 2,5 bilh\u00f5es por dia. A metade mais pobre do planeta, por outro lado, teve seu patrim\u00f4nio\u00a0diminu\u00eddo\u00a0em 11% no mesmo per\u00edodo. Al\u00e9m disso, desde a crise econ\u00f4mica iniciada em 2007, o n\u00famero de bilion\u00e1rios dobrou no mundo, passando de 1.125 em 2008 para 2.208 no ano passado. O relat\u00f3rio indica ainda que os homens t\u00eam 50% mais do total de riqueza do mundo do que as mulheres.<\/p>\n<p>Intitulado\u00a0<em>Bem P\u00fablico ou Riqueza Privada?<\/em>, o documento chama aten\u00e7\u00e3o para a necessidade de investimentos\u00a0em servi\u00e7os p\u00fablicos,\u00a0com destaque para educa\u00e7\u00e3o e sa\u00fade,\u00a0como forma de diminuir as desigualdades no mundo. \u201cComo metade do planeta vive com menos de US$ 5,50 por dia, qualquer tipo de despesa m\u00e9dica empurra essas pessoas para\u00a0a\u00a0pobreza.\u00a0Garantia de servi\u00e7o p\u00fablico de sa\u00fade \u00e9 a garantia est\u00e1vel e sustentada para quem est\u00e1 na base da pir\u00e2mide\u201d,\u00a0exemplificou Rafael Georges, coordenador de campanha da Oxfam Brasil.<\/p>\n<h2>Taxa\u00e7\u00e3o<\/h2>\n<p>Como forma de redistribui\u00e7\u00e3o de riquezas, o\u00a0relat\u00f3rio prop\u00f5e\u00a0uma taxa\u00e7\u00e3o\u00a0de 0,5%\u00a0sobre a renda de bilion\u00e1rios que fazem parte do 1% mais rico do mundo. Segundo a organiza\u00e7\u00e3o, os recursos arrecadados seriam suficientes para incluir 262 milh\u00f5es de crian\u00e7as que est\u00e3o fora da escola atualmente e tamb\u00e9m providenciar\u00a0servi\u00e7os de sa\u00fade que poderiam salvar a vida de mais de 3 milh\u00f5es de pessoas.<\/p>\n<p>\u201cA\u00a0retomada\u00a0[do crescimento econ\u00f4mico],\u00a0ao longo dos \u00faltimos\u00a0dez anos, favoreceu o topo da pir\u00e2mide, n\u00e3o foi redistributiva, foi concentradora. O sistema tribut\u00e1rio tem um papel central nessa concentra\u00e7\u00e3o, na medida em que reduz as al\u00edquotas m\u00e1ximas para quem \u00e9 muito rico. Esse movimento ocorreu em todo o mundo\u201d,\u00a0avaliou o coordenador.<\/p>\n<p>A Oxfam avalia que os governos contribuem para o aumento das desigualdades ao n\u00e3o taxarem os muito ricos e as grandes corpora\u00e7\u00f5es e ao n\u00e3o investirem de forma apropriada em sa\u00fade e educa\u00e7\u00e3o. Segundo a organiza\u00e7\u00e3o, no Brasil, os\u00a010% mais pobres da sociedade pagam mais impostos proporcionalmente do que os 10% mais ricos,\u00a0o mesmo ocorre no Reino Unido.<\/p>\n<p>\u201cDiferentemente dos pa\u00edses desenvolvidos,\u00a0o Brasil\u00a0\u00e9\u00a0um\u00a0pa\u00eds que apoia muito a sua carga tribut\u00e1ria nos impostos indiretos, e isso acaba pesando mais no bolso da classe m\u00e9dia e dos mais pobres. Todo mundo que compra o mesmo produto, paga a mesma carga. O ideal seria equilibrar\u00a0isso, jogar mais a tributa\u00e7\u00e3o para renda e patrim\u00f4nio e diminuir a carga do consumo\u201d,\u00a0prop\u00f4s Georges.<\/p>\n<p>A organiza\u00e7\u00e3o destaca que, entre os pa\u00edses da Organiza\u00e7\u00e3o para a Coopera\u00e7\u00e3o e Desenvolvimento Econ\u00f4mico (OCDE), o Brasil \u00e9 o que menos tributa renda e patrim\u00f4nio. Enquanto no Brasil a cada R$ 1 que \u00e9 arrecadado, R$ 0,22 v\u00eam de impostos sobre a renda e do patrim\u00f4nio, na m\u00e9dia dos pa\u00edses essa parcela equivale a R$ 0,40 para cada R$ 1 pago em tributos. Nos Estados Unidos, por exemplo, 59,4% da arrecada\u00e7\u00e3o v\u00eam de impostos sobre a renda e o patrim\u00f4nio da popula\u00e7\u00e3o.<\/p>\n<h2>Aumento da concentra\u00e7\u00e3o<\/h2>\n<p>Georges avalia que dois fatores explicam, em parte, a concentra\u00e7\u00e3o de riqueza no mundo: a guerra fiscal internacional e a exist\u00eancia de para\u00edsos fiscais. \u201cExiste uma dificuldade dos sistemas pol\u00edticos, seja nacional ou internacional, de implantar medidas s\u00e9rias de redistribui\u00e7\u00e3o. Em particular na quest\u00e3o tribut\u00e1ria existe uma corrida para tr\u00e1s\u201d, apontou. Para o coordenador da Oxfam Brasil, a guerra fiscal internacional \u2013 similar ao que ocorre entre os estados brasileiros em rela\u00e7\u00e3o ao ICMS \u2013 \u201cjoga contra\u201d a possibilidade de redistribui\u00e7\u00e3o de riquezas.<\/p>\n<p>Outra parte, segundo ele, \u00e9 explicada pela exist\u00eancia de para\u00edsos fiscais. \u201cEnquanto tiver pa\u00edses onde n\u00e3o se cobra nenhum tipo de tributo e\u00a0se\u00a0oferecem garantias\u00a0de sigilo e de ocultamento de propriedade e de patrim\u00f4nio, vai\u00a0ter\u00a0incentivo para que ningu\u00e9m queira redistribui\u00e7\u00e3o\u00a0de seu patrim\u00f4nio e sua renda. A economia sempre vai\u00a0ter\u00a0uma v\u00e1lvula de escape que vai preservar uma esp\u00e9cie de elite global\u201d,\u00a0avaliou.<\/p>\n<p>&nbsp;<\/p>\n<p>Fonte: Ag\u00eancia Brasil<\/p>\n","protected":false},"excerpt":{"rendered":"<p>As 26 pessoas mais ricas do mundo det\u00eam\u00a0a mesma riqueza dos 3,8 bilh\u00f5es mais pobres, que correspondem a 50% da humanidade. Os dados, referentes a 2018, fazem parte do relat\u00f3rio global da organiza\u00e7\u00e3o n\u00e3o governamental Oxfam, lan\u00e7ado\u00a0nesta segunda-feira, 21, \u00e0s v\u00e9speras do F\u00f3rum Econ\u00f4mico Mundial, que se inicia neste ter\u00e7a-feira, 22, em Davos, na Su\u00ed\u00e7a. [&hellip;]<\/p>\n","protected":false},"author":96,"featured_media":131643,"comment_status":"closed","ping_status":"closed","sticky":false,"template":"","format":"standard","meta":{"footnotes":""},"categories":[302,436,262,439],"tags":[],"class_list":["post-131642","post","type-post","status-publish","format-standard","has-post-thumbnail","hentry","category-brasil-mundo","category-destaque-da-semana","category-noticias","category-ultima-hora"],"_links":{"self":[{"href":"https:\/\/diarioregionaldigital.com.br\/index.php?rest_route=\/wp\/v2\/posts\/131642","targetHints":{"allow":["GET"]}}],"collection":[{"href":"https:\/\/diarioregionaldigital.com.br\/index.php?rest_route=\/wp\/v2\/posts"}],"about":[{"href":"https:\/\/diarioregionaldigital.com.br\/index.php?rest_route=\/wp\/v2\/types\/post"}],"author":[{"embeddable":true,"href":"https:\/\/diarioregionaldigital.com.br\/index.php?rest_route=\/wp\/v2\/users\/96"}],"replies":[{"embeddable":true,"href":"https:\/\/diarioregionaldigital.com.br\/index.php?rest_route=%2Fwp%2Fv2%2Fcomments&post=131642"}],"version-history":[{"count":0,"href":"https:\/\/diarioregionaldigital.com.br\/index.php?rest_route=\/wp\/v2\/posts\/131642\/revisions"}],"wp:featuredmedia":[{"embeddable":true,"href":"https:\/\/diarioregionaldigital.com.br\/index.php?rest_route=\/wp\/v2\/media\/131643"}],"wp:attachment":[{"href":"https:\/\/diarioregionaldigital.com.br\/index.php?rest_route=%2Fwp%2Fv2%2Fmedia&parent=131642"}],"wp:term":[{"taxonomy":"category","embeddable":true,"href":"https:\/\/diarioregionaldigital.com.br\/index.php?rest_route=%2Fwp%2Fv2%2Fcategories&post=131642"},{"taxonomy":"post_tag","embeddable":true,"href":"https:\/\/diarioregionaldigital.com.br\/index.php?rest_route=%2Fwp%2Fv2%2Ftags&post=131642"}],"curies":[{"name":"wp","href":"https:\/\/api.w.org\/{rel}","templated":true}]}}