{"id":131639,"date":"2019-01-22T08:07:14","date_gmt":"2019-01-22T10:07:14","guid":{"rendered":"https:\/\/diarioregionaldigital.com.br\/?p=131639"},"modified":"2019-01-22T08:07:14","modified_gmt":"2019-01-22T10:07:14","slug":"charola-de-sao-sebastiao-encerra-peregrinacao-com-exibicao-na-funalfa","status":"publish","type":"post","link":"https:\/\/diarioregionaldigital.com.br\/?p=131639","title":{"rendered":"\u201cCharola de S\u00e3o Sebasti\u00e3o\u201d encerra peregrina\u00e7\u00e3o com exibi\u00e7\u00e3o na Funalfa"},"content":{"rendered":"<p>Encerrando a peregrina\u00e7\u00e3o de 2018, a \u201cCharola Amigos de S\u00e3o Sebasti\u00e3o\u201d, que representa os bairros da zona sul de Juiz de Fora, apresentou-se nesta segunda-feira, 21, na Funda\u00e7\u00e3o Cultural \u201cAlfredo Ferreira Lage\u201d (Funalfa). O grupo encantou os funcion\u00e1rios com c\u00e2nticos em homenagem ao santo, cujo dia foi comemorado no domingo, 20.<\/p>\n<p>Manifesta\u00e7\u00e3o cultural de car\u00e1ter religioso, a charola \u00e9 tradi\u00e7\u00e3o repassada de gera\u00e7\u00e3o a gera\u00e7\u00e3o. A cantoria \u00e9 acompanhada por instrumentos como sanfona, pandeiro e viol\u00e3o, entre outros. As roupas, a bandeira e a forma de organiza\u00e7\u00e3o lembram as \u201cFolias de Reis\u201d, mas o intuito das charolas \u00e9 exaltar as virtudes de S\u00e3o Sebasti\u00e3o, que era soldado exemplar, mas foi perseguido e morto por apresentar-se como crist\u00e3o.<\/p>\n<p>Conforme o presidente da Associa\u00e7\u00e3o de Folia de Reis e Charolas de Juiz de Fora, Andr\u00e9 Brasilino, desde o dia 8 o grupo percorreu cerca de dez cidades da regi\u00e3o, fazendo homenagens ao santo, considerado protetor contra fome, peste e guerra: \u201cDe casa em casa levamos energias positivas e desejamos sa\u00fade, paz e alegria a todos\u201d.<\/p>\n<p>&nbsp;<\/p>\n<p>Fonte: PJF<\/p>\n","protected":false},"excerpt":{"rendered":"<p>Encerrando a peregrina\u00e7\u00e3o de 2018, a \u201cCharola Amigos de S\u00e3o Sebasti\u00e3o\u201d, que representa os bairros da zona sul de Juiz de Fora, apresentou-se nesta segunda-feira, 21, na Funda\u00e7\u00e3o Cultural \u201cAlfredo Ferreira Lage\u201d (Funalfa). O grupo encantou os funcion\u00e1rios com c\u00e2nticos em homenagem ao santo, cujo dia foi comemorado no domingo, 20. Manifesta\u00e7\u00e3o cultural de car\u00e1ter [&hellip;]<\/p>\n","protected":false},"author":96,"featured_media":131640,"comment_status":"closed","ping_status":"closed","sticky":false,"template":"","format":"standard","meta":{"footnotes":""},"categories":[253,436,262,439],"tags":[],"class_list":["post-131639","post","type-post","status-publish","format-standard","has-post-thumbnail","hentry","category-cidade","category-destaque-da-semana","category-noticias","category-ultima-hora"],"_links":{"self":[{"href":"https:\/\/diarioregionaldigital.com.br\/index.php?rest_route=\/wp\/v2\/posts\/131639","targetHints":{"allow":["GET"]}}],"collection":[{"href":"https:\/\/diarioregionaldigital.com.br\/index.php?rest_route=\/wp\/v2\/posts"}],"about":[{"href":"https:\/\/diarioregionaldigital.com.br\/index.php?rest_route=\/wp\/v2\/types\/post"}],"author":[{"embeddable":true,"href":"https:\/\/diarioregionaldigital.com.br\/index.php?rest_route=\/wp\/v2\/users\/96"}],"replies":[{"embeddable":true,"href":"https:\/\/diarioregionaldigital.com.br\/index.php?rest_route=%2Fwp%2Fv2%2Fcomments&post=131639"}],"version-history":[{"count":0,"href":"https:\/\/diarioregionaldigital.com.br\/index.php?rest_route=\/wp\/v2\/posts\/131639\/revisions"}],"wp:featuredmedia":[{"embeddable":true,"href":"https:\/\/diarioregionaldigital.com.br\/index.php?rest_route=\/wp\/v2\/media\/131640"}],"wp:attachment":[{"href":"https:\/\/diarioregionaldigital.com.br\/index.php?rest_route=%2Fwp%2Fv2%2Fmedia&parent=131639"}],"wp:term":[{"taxonomy":"category","embeddable":true,"href":"https:\/\/diarioregionaldigital.com.br\/index.php?rest_route=%2Fwp%2Fv2%2Fcategories&post=131639"},{"taxonomy":"post_tag","embeddable":true,"href":"https:\/\/diarioregionaldigital.com.br\/index.php?rest_route=%2Fwp%2Fv2%2Ftags&post=131639"}],"curies":[{"name":"wp","href":"https:\/\/api.w.org\/{rel}","templated":true}]}}