{"id":131630,"date":"2019-01-21T22:14:37","date_gmt":"2019-01-22T00:14:37","guid":{"rendered":"https:\/\/diarioregionaldigital.com.br\/?p=131630"},"modified":"2019-01-21T22:14:37","modified_gmt":"2019-01-22T00:14:37","slug":"empav-realiza-operacao-tapa-buracos-em-varias-regioes-da-cidade","status":"publish","type":"post","link":"https:\/\/diarioregionaldigital.com.br\/?p=131630","title":{"rendered":"Empav realiza opera\u00e7\u00e3o tapa-buracos em v\u00e1rias regi\u00f5es da cidade"},"content":{"rendered":"<p>A Empresa Municipal de Pavimenta\u00e7\u00e3o e Urbaniza\u00e7\u00e3o (Empav) realizou opera\u00e7\u00e3o tapa-buracos em quase todas as regi\u00f5es da cidade. O servi\u00e7o foi feito nas ruas Francisco Vaz de Magalh\u00e3es e Waldir Martins (Bairro Cascatinha); Acesso Norte (na altura de Barbosa Lage); ruas F (Milho Branco); Professor Roberto Andrade e Ant\u00f4nio Scapim (Miguel Marinho); e do Distrito de Ros\u00e1rio de Minas; Avenida Get\u00falio Vargas, Travessa Doutor Prisco, ruas Batista de Oliveira e Esp\u00edrito Santo (Centro); Doutor Romualdo (S\u00e3o Mateus); Jos\u00e9 Apol\u00f4nio dos Reis e Engenheiro Waldir Pedro Monachesi (Aeroporto); Avenida Ibitiguaia e ruas Aurora Torres (Santa Luzia); Padre Arnaldo Jansen (Santos Anjos); Adelaide Campos e Natalino Jos\u00e9 de Paula, no JK.<\/p>\n<p>O servi\u00e7o tamb\u00e9m aconteceu na Avenida Sete de Setembro (Costa Carvalho); ruas Ant\u00f4nio Carlos Saraiva (Cascatinha); Eduardo Weiss (F\u00e1brica); avenidas JK (regi\u00e3o norte); Presidente Itamar Franco (Dom Bosco); Rua S\u00e3o Jos\u00e9 (Vitorino Braga); na Avenida Eug\u00eanio do Nascimento (Aeroporto); ruas das Pet\u00fanias e Porto Alegre (Novo Horizonte); e Jos\u00e9 Teodoro dos Santos e Alan Kardek (JK).<\/p>\n<p>&nbsp;<\/p>\n<p>Fonte: Assessoria PJF<\/p>\n","protected":false},"excerpt":{"rendered":"<p>A Empresa Municipal de Pavimenta\u00e7\u00e3o e Urbaniza\u00e7\u00e3o (Empav) realizou opera\u00e7\u00e3o tapa-buracos em quase todas as regi\u00f5es da cidade. O servi\u00e7o foi feito nas ruas Francisco Vaz de Magalh\u00e3es e Waldir Martins (Bairro Cascatinha); Acesso Norte (na altura de Barbosa Lage); ruas F (Milho Branco); Professor Roberto Andrade e Ant\u00f4nio Scapim (Miguel Marinho); e do Distrito [&hellip;]<\/p>\n","protected":false},"author":96,"featured_media":131631,"comment_status":"closed","ping_status":"closed","sticky":false,"template":"","format":"standard","meta":{"footnotes":""},"categories":[253,436,439],"tags":[],"class_list":["post-131630","post","type-post","status-publish","format-standard","has-post-thumbnail","hentry","category-cidade","category-destaque-da-semana","category-ultima-hora"],"_links":{"self":[{"href":"https:\/\/diarioregionaldigital.com.br\/index.php?rest_route=\/wp\/v2\/posts\/131630","targetHints":{"allow":["GET"]}}],"collection":[{"href":"https:\/\/diarioregionaldigital.com.br\/index.php?rest_route=\/wp\/v2\/posts"}],"about":[{"href":"https:\/\/diarioregionaldigital.com.br\/index.php?rest_route=\/wp\/v2\/types\/post"}],"author":[{"embeddable":true,"href":"https:\/\/diarioregionaldigital.com.br\/index.php?rest_route=\/wp\/v2\/users\/96"}],"replies":[{"embeddable":true,"href":"https:\/\/diarioregionaldigital.com.br\/index.php?rest_route=%2Fwp%2Fv2%2Fcomments&post=131630"}],"version-history":[{"count":0,"href":"https:\/\/diarioregionaldigital.com.br\/index.php?rest_route=\/wp\/v2\/posts\/131630\/revisions"}],"wp:featuredmedia":[{"embeddable":true,"href":"https:\/\/diarioregionaldigital.com.br\/index.php?rest_route=\/wp\/v2\/media\/131631"}],"wp:attachment":[{"href":"https:\/\/diarioregionaldigital.com.br\/index.php?rest_route=%2Fwp%2Fv2%2Fmedia&parent=131630"}],"wp:term":[{"taxonomy":"category","embeddable":true,"href":"https:\/\/diarioregionaldigital.com.br\/index.php?rest_route=%2Fwp%2Fv2%2Fcategories&post=131630"},{"taxonomy":"post_tag","embeddable":true,"href":"https:\/\/diarioregionaldigital.com.br\/index.php?rest_route=%2Fwp%2Fv2%2Ftags&post=131630"}],"curies":[{"name":"wp","href":"https:\/\/api.w.org\/{rel}","templated":true}]}}