{"id":131604,"date":"2019-01-21T21:54:48","date_gmt":"2019-01-21T23:54:48","guid":{"rendered":"https:\/\/diarioregionaldigital.com.br\/?p=131604"},"modified":"2019-01-21T21:54:48","modified_gmt":"2019-01-21T23:54:48","slug":"apos-cirurgia-bolsonaro-vai-despachar-de-dentro-do-hospital","status":"publish","type":"post","link":"https:\/\/diarioregionaldigital.com.br\/?p=131604","title":{"rendered":"Ap\u00f3s cirurgia, Bolsonaro vai despachar de dentro do hospital"},"content":{"rendered":"<p>O presidente Jair Bolsonaro vai despachar do Hospital Albert Einstein, em S\u00e3o Paulo, ap\u00f3s a cirurgia de retirada da bolsa de colostomia, marcada para o dia 28 de janeiro. Segundo o porta-voz da presid\u00eancia, general Ot\u00e1vio Santana do R\u00eago Barros, a Presid\u00eancia da Rep\u00fablica montar\u00e1 uma estrutura no hospital em S\u00e3o Paulo, onde Bolsonaro ser\u00e1 operado. A primeira-dama, Michelle, acompanhar\u00e1 o marido durante todo o per\u00edodo de interna\u00e7\u00e3o.<\/p>\n<p>Bolsonaro chegar\u00e1 de Davos, onde participa do\u00a0<a href=\"http:\/\/agenciabrasil.ebc.com.br\/politica\/noticia\/2019-01\/em-davos-bolsonaro-diz-que-vai-buscar-investimentos-para-brasil\" target=\"_blank\" rel=\"noopener\">F\u00f3rum Econ\u00f4mico Mundial<\/a>, nas primeiras horas de sexta-feira, 25. No domingo realizar\u00e1 os exames pr\u00e9-operat\u00f3rios e se submete \u00e0 opera\u00e7\u00e3o\u00a0<a href=\"http:\/\/agenciabrasil.ebc.com.br\/geral\/noticia\/2019-01\/bolsonaro-confirma-retirada-de-bolsa-de-colostomia-em-28-de-janeiro\" target=\"_blank\" rel=\"noopener\">no dia seguinte<\/a>.<\/p>\n<p>Existe ainda a possibilidade de avi\u00f5es da For\u00e7a A\u00e9rea Brasileira (FAB) serem utilizados por ministros em viagens a S\u00e3o Paulo para despachar com o presidente no hospital. Ainda segundo o porta-voz, a expectativa inicial de perman\u00eancia do presidente em S\u00e3o Paulo \u00e9 de dez dias. O per\u00edodo poder\u00e1 mudar, a depender da evolu\u00e7\u00e3o da sua recupera\u00e7\u00e3o.<\/p>\n<h2>Atentado<\/h2>\n<p>Bolsonaro usa uma bolsa de colostomia desde que\u00a0<a href=\"http:\/\/agenciabrasil.ebc.com.br\/geral\/noticia\/2018-09\/jair-bolsonaro-e-agredido-durante-campanha-em-juiz-de-fora\" target=\"_blank\" rel=\"noopener\">foi esfaqueado<\/a>\u00a0\u00a0em um ato de campanha, em Juiz de Fora, dia 6 de setembro. A facada atingiu o intestino e Bolsonaro foi submetido a duas cirurgias, uma na Santa Casa de Juiz de Fora e outra no Hospital Albert Einstein, em S\u00e3o Paulo.<\/p>\n<p>O presidente passou 22 dias internado e desde ent\u00e3o est\u00e1 com a\u00a0<a href=\"http:\/\/agenciabrasil.ebc.com.br\/politica\/noticia\/2018-09\/bolsonaro-usara-bolsa-de-colostomia-por-ate-tres-meses-diz-medica\" target=\"_blank\" rel=\"noopener\">bolsa de colostomia<\/a>, que funciona como um intestino externo e possibilita a recupera\u00e7\u00e3o do intestino grosso e delgado.<\/p>\n","protected":false},"excerpt":{"rendered":"<p>O presidente Jair Bolsonaro vai despachar do Hospital Albert Einstein, em S\u00e3o Paulo, ap\u00f3s a cirurgia de retirada da bolsa de colostomia, marcada para o dia 28 de janeiro. Segundo o porta-voz da presid\u00eancia, general Ot\u00e1vio Santana do R\u00eago Barros, a Presid\u00eancia da Rep\u00fablica montar\u00e1 uma estrutura no hospital em S\u00e3o Paulo, onde Bolsonaro ser\u00e1 [&hellip;]<\/p>\n","protected":false},"author":96,"featured_media":131622,"comment_status":"closed","ping_status":"closed","sticky":false,"template":"","format":"standard","meta":{"footnotes":""},"categories":[436,440,254,439],"tags":[],"class_list":["post-131604","post","type-post","status-publish","format-standard","has-post-thumbnail","hentry","category-destaque-da-semana","category-destaques-do-dia","category-politica","category-ultima-hora"],"_links":{"self":[{"href":"https:\/\/diarioregionaldigital.com.br\/index.php?rest_route=\/wp\/v2\/posts\/131604","targetHints":{"allow":["GET"]}}],"collection":[{"href":"https:\/\/diarioregionaldigital.com.br\/index.php?rest_route=\/wp\/v2\/posts"}],"about":[{"href":"https:\/\/diarioregionaldigital.com.br\/index.php?rest_route=\/wp\/v2\/types\/post"}],"author":[{"embeddable":true,"href":"https:\/\/diarioregionaldigital.com.br\/index.php?rest_route=\/wp\/v2\/users\/96"}],"replies":[{"embeddable":true,"href":"https:\/\/diarioregionaldigital.com.br\/index.php?rest_route=%2Fwp%2Fv2%2Fcomments&post=131604"}],"version-history":[{"count":0,"href":"https:\/\/diarioregionaldigital.com.br\/index.php?rest_route=\/wp\/v2\/posts\/131604\/revisions"}],"wp:featuredmedia":[{"embeddable":true,"href":"https:\/\/diarioregionaldigital.com.br\/index.php?rest_route=\/wp\/v2\/media\/131622"}],"wp:attachment":[{"href":"https:\/\/diarioregionaldigital.com.br\/index.php?rest_route=%2Fwp%2Fv2%2Fmedia&parent=131604"}],"wp:term":[{"taxonomy":"category","embeddable":true,"href":"https:\/\/diarioregionaldigital.com.br\/index.php?rest_route=%2Fwp%2Fv2%2Fcategories&post=131604"},{"taxonomy":"post_tag","embeddable":true,"href":"https:\/\/diarioregionaldigital.com.br\/index.php?rest_route=%2Fwp%2Fv2%2Ftags&post=131604"}],"curies":[{"name":"wp","href":"https:\/\/api.w.org\/{rel}","templated":true}]}}