{"id":131533,"date":"2019-01-21T10:44:30","date_gmt":"2019-01-21T12:44:30","guid":{"rendered":"https:\/\/diarioregionaldigital.com.br\/?p=131533"},"modified":"2019-01-21T10:44:30","modified_gmt":"2019-01-21T12:44:30","slug":"botafogo-estreia-no-carioca-com-derrota-para-a-cabofriense","status":"publish","type":"post","link":"https:\/\/diarioregionaldigital.com.br\/?p=131533","title":{"rendered":"Botafogo estreia no Carioca com derrota para a Cabofriense"},"content":{"rendered":"<p>Atual campe\u00e3o, o Botafogo\u00a0come\u00e7ou mal o\u00a0Campeonato Carioca ao ser derrotado por 3 a 1 pela Cabofriense, neste domingo, em Maca\u00e9. Os alvinegros sofreram com a falta de cria\u00e7\u00e3o e levaram a virada.<\/p>\n<p>No primeiro tempo, o Glorioso abriu o placar com Luiz Fernando. No entanto, antes do intervalo, a Cabofriense empatou com Rafael Gladiador. Na etapa final, os donos da casa viraram o confronto com Anderson Rosa e Rinc\u00f3n, para decretar o triunfo da equipe da Regi\u00e3o dos Lagos.<\/p>\n<p>Na pr\u00f3xima rodada, o Fog\u00e3o recebe o Bangu, nesta quarta-feria, no Nilton Santos. No mesmo dia, a Cabofriense ter\u00e1 duelo contra o Boavista, em Bacax\u00e1.<\/p>\n<p><strong>\u00a0<\/strong><\/p>\n<p><strong>FICHA T\u00c9CNICA<br \/>\nCABOFRIENSE 3 X 1 BOTAFOGO<\/strong><\/p>\n<p>Local: Est\u00e1dio Cl\u00e1udio Moacyr, em Maca\u00e9 (RJ)<br \/>\nData: 20 de janeiro de 2019 (domingo)<br \/>\nHor\u00e1rio: 19h00 (de Bras\u00edlia)<br \/>\n\u00c1rbitro: Pathrice Wallace Corr\u00eaa Maia<br \/>\nAssistentes: Michael Correia e Carlos Henrique Alves de Lima Filho<br \/>\nRenda: R$ 53.640,00<br \/>\nP\u00fablico: 2.159 pagantes<br \/>\nCart\u00f5es amarelos: Roberto J\u00fanior e Manoel (Cabofriense); Leandro Carvalho (Botafogo)<br \/>\nGOLS<br \/>\nCABOFRIENSE: Rafael Gladiador, aos 48min do primeiro tempo; Anderson Rosa, aos 29min do segundo tempo; Rinc\u00f3n, aos 48min do segundo tempo<br \/>\nBOTAFOGO: Luiz Fernando, aos 30min do primeiro tempo<\/p>\n<p>CABOFRIENSE: George, Watson (Pedro), Bruno Lima, Roberto Junior e Manoel; Marcelo Gama, Diego Valderrama, Michel (Kak\u00e1) e Anderson Rosa; Marcus \u00cdndio e Rafael Gladiador (Rinc\u00f3n)<br \/>\nT\u00e9cnico: Luciano Quadros<\/p>\n<p>BOTAFOGO: Gatito Fern\u00e1ndez, Marcinho, Marcelo Benevenuto, Helerson e Gilson; Wenderson, Jo\u00e3o Paulo (Aguirre), Allan Santos (Alex Santana) e Luiz Fernando; Leandro Carvalho (Ferrareis) e Kieza<br \/>\nT\u00e9cnico: Z\u00e9 Ricardo<\/p>\n<p><strong>Fonte: Gazeta <\/strong><\/p>\n<p>&nbsp;<\/p>\n","protected":false},"excerpt":{"rendered":"<p>Atual campe\u00e3o, o Botafogo\u00a0come\u00e7ou mal o\u00a0Campeonato Carioca ao ser derrotado por 3 a 1 pela Cabofriense, neste domingo, em Maca\u00e9. Os alvinegros sofreram com a falta de cria\u00e7\u00e3o e levaram a virada. No primeiro tempo, o Glorioso abriu o placar com Luiz Fernando. No entanto, antes do intervalo, a Cabofriense empatou com Rafael Gladiador. Na [&hellip;]<\/p>\n","protected":false},"author":96,"featured_media":131538,"comment_status":"closed","ping_status":"closed","sticky":false,"template":"","format":"standard","meta":{"footnotes":""},"categories":[257,439],"tags":[],"class_list":["post-131533","post","type-post","status-publish","format-standard","has-post-thumbnail","hentry","category-esporte","category-ultima-hora"],"_links":{"self":[{"href":"https:\/\/diarioregionaldigital.com.br\/index.php?rest_route=\/wp\/v2\/posts\/131533","targetHints":{"allow":["GET"]}}],"collection":[{"href":"https:\/\/diarioregionaldigital.com.br\/index.php?rest_route=\/wp\/v2\/posts"}],"about":[{"href":"https:\/\/diarioregionaldigital.com.br\/index.php?rest_route=\/wp\/v2\/types\/post"}],"author":[{"embeddable":true,"href":"https:\/\/diarioregionaldigital.com.br\/index.php?rest_route=\/wp\/v2\/users\/96"}],"replies":[{"embeddable":true,"href":"https:\/\/diarioregionaldigital.com.br\/index.php?rest_route=%2Fwp%2Fv2%2Fcomments&post=131533"}],"version-history":[{"count":0,"href":"https:\/\/diarioregionaldigital.com.br\/index.php?rest_route=\/wp\/v2\/posts\/131533\/revisions"}],"wp:featuredmedia":[{"embeddable":true,"href":"https:\/\/diarioregionaldigital.com.br\/index.php?rest_route=\/wp\/v2\/media\/131538"}],"wp:attachment":[{"href":"https:\/\/diarioregionaldigital.com.br\/index.php?rest_route=%2Fwp%2Fv2%2Fmedia&parent=131533"}],"wp:term":[{"taxonomy":"category","embeddable":true,"href":"https:\/\/diarioregionaldigital.com.br\/index.php?rest_route=%2Fwp%2Fv2%2Fcategories&post=131533"},{"taxonomy":"post_tag","embeddable":true,"href":"https:\/\/diarioregionaldigital.com.br\/index.php?rest_route=%2Fwp%2Fv2%2Ftags&post=131533"}],"curies":[{"name":"wp","href":"https:\/\/api.w.org\/{rel}","templated":true}]}}