{"id":131513,"date":"2019-01-20T17:18:58","date_gmt":"2019-01-20T19:18:58","guid":{"rendered":"https:\/\/diarioregionaldigital.com.br\/?p=131513"},"modified":"2019-01-22T11:48:27","modified_gmt":"2019-01-22T13:48:27","slug":"aprovado-ensino-ead-para-cursos-tecnicos-do-colegio-politecnico-pio-xii","status":"publish","type":"post","link":"https:\/\/diarioregionaldigital.com.br\/?p=131513","title":{"rendered":"Aprovado ensino EaD para cursos t\u00e9cnicos do Col\u00e9gio Polit\u00e9cnico Pio XII"},"content":{"rendered":"<p>Foi divulgado na \u00faltima semana pela relatora Girlaine Figueiroa Oliveira em Belo Horizonte o processo n\u00ba 42.148, que autoriza o funcionamento dos cursos t\u00e9cnicos em Seguran\u00e7a do Trabalho, T\u00e9cnico em Log\u00edstica e T\u00e9cnico em Mec\u00e2nica, na modalidade Educa\u00e7\u00e3o a Dist\u00e2ncia &#8211; EaD, a serem ministrados pelo Col\u00e9gio Pio XII em Juiz de Fora.<\/p>\n<p>Inova\u00e7\u00e3o e refer\u00eancia fazem desta nova conquista, a primeira escola t\u00e9cnica EaD de Juiz de Fora, e vai atender \u00a0tamb\u00e9m todas as cidades ao redor, que v\u00e3o poder contar com os profissionais mais capacitados da \u00e1rea \u00a0e com a experi\u00eancia dos 50 anos de tradi\u00e7\u00e3o do Col\u00e9gio Pio XII, que transforma a todo este tempo a vida de diversos estudantes, que formam e rapidamente est\u00e3o no mercado de trabalho.<\/p>\n<p>Agora com os cursos online, as empresas v\u00e3o ganhar tendo amplamente uma m\u00e3o de obra qualificada por uma institui\u00e7\u00e3o conhecida por sua compet\u00eancia no mercado de forma\u00e7\u00e3o profissional. Para o aluno al\u00e9m de promover a transi\u00e7\u00e3o entre a escola e o mundo do trabalho, capacitando ao estudante os conhecimentos, saberes e compet\u00eancias profissionais necess\u00e1rias ao exerc\u00edcio profissional e da cidadania, tamb\u00e9m v\u00e3o ter acesso a base nos fundamentos cient\u00edficos \u2013 tecnol\u00f3gicos esses cursos na modalidade EAD ir\u00e3o permitir:<\/p>\n<p>&nbsp;<\/p>\n<p><span style=\"font-size: 12pt;\">\u00a0&#8211; Maior flexibilidade e autonomia de tempo e local de estudos para os alunos;<\/span><\/p>\n<p><span style=\"font-size: 12pt;\">&#8211; Melhor custo X benef\u00edcio para os alunos;<\/span><\/p>\n<p><span style=\"font-size: 12pt;\">&#8211; Atendimento a alunos de localidades mais distantes;<\/span><\/p>\n<p><span style=\"font-size: 12pt;\">&#8211; Comunica\u00e7\u00e3o bidirecional entre professores e alunos, utilizando recursos tecnol\u00f3gicos.<\/span><\/p>\n<p>&nbsp;<\/p>\n<p>Gra\u00e7as ao avan\u00e7o da tecnologia, esta nova modalidade de ensino tem crescido em ritmo acelerado no Brasil. De 2004 a 2015, o n\u00famero de alunos em cursos de educa\u00e7\u00e3o \u00e0 dist\u00e2ncia (EAD) aumentou 20 vezes, e chegou a um total de 1,39 milh\u00e3o. Entre as facilidades se encontram as mensalidades mais acess\u00edveis e flexibilidade nos hor\u00e1rios.<\/p>\n<h4><strong>O que o aluno vai ganhar ao seu curr\u00edculo se matriculando no Pio XII?<\/strong><\/h4>\n<p>Ao se fazer um curso t\u00e9cnico a principal vantagem \u00e9 o acesso imediato ao mercado de trabalho, mesmo que a princ\u00edpio seja s\u00f3 atrav\u00e9s do est\u00e1gio, essa inser\u00e7\u00e3o \u00e9 de extrema import\u00e2ncia e um passo crucial para um novo emprego ou o in\u00edcio de uma nova carreira. Quando o aluno vai se apresentar num empresa normalmente o recrutador n\u00e3o conhece o indiv\u00edduo, mas sim de que institui\u00e7\u00e3o ele veio e \u00e9 ai que o Pio XII com mais de 50 anos no mercado de ensino profissionalizante ir\u00e1 fazer diferen\u00e7a no curr\u00edculo.<\/p>\n<p>&nbsp;<\/p>\n<p><strong>Quando come\u00e7am as aulas e como se inscrever?<\/strong><\/p>\n<p>O Pio XII est\u00e1 trabalhando para come\u00e7ar as inscri\u00e7\u00f5es o mais r\u00e1pido poss\u00edvel. Essas datas ser\u00e3o divulgadas posteriormente no site (<a href=\"http:\/\/www.colegiopioxii.com.br\">www.colegiopioxii.com.br<\/a>).<\/p>\n<h4><strong>O FUNCIONAMENTO<\/strong><\/h4>\n<p>De acordo com a coordenadora do Ead do Pio XII, D\u00e9bora Ricardo, na educa\u00e7\u00e3o a dist\u00e2ncia sempre existe um grande n\u00famero de profissionais envolvidos, e por isso o Pio XII tamb\u00e9m trar\u00e1 um quadro de profissionais com vasta experi\u00eancia nos cursos. \u201cA princ\u00edpio teremos os professores conteudistas (aqueles que ir\u00e3o construir o conte\u00fado de cada disciplina); o professor tutor online que ir\u00e1 acompanhar o aluno no seu processo de ensino aprendizado no nosso ambiente virtual de Aprendizagem (AVA); o professor tutor presencial (respons\u00e1vel pelas aulas nos laborat\u00f3rios); coordena\u00e7\u00e3o pedag\u00f3gica, analista de sistema, equipe t\u00e9cnica para produ\u00e7\u00e3o de v\u00eddeo aulas; secret\u00e1ria dentre outros recursos\u201d, explicou.<\/p>\n<p>Vale ressaltar conforme a coordenadora, que os curso ser\u00e3o online com aulas presenciais aos s\u00e1bados. As disciplinas e a nossa grade curricular esta postada no nosso site para que o aluno posso se programar e ter conhecimento do que ir\u00e1 aprender durante todo o curso. Mais informa\u00e7\u00f5es podem ser obtidas pelo telefone 32 3215-6701.<\/p>\n","protected":false},"excerpt":{"rendered":"<p>Foi divulgado na \u00faltima semana pela relatora Girlaine Figueiroa Oliveira em Belo Horizonte o processo n\u00ba 42.148, que autoriza o funcionamento dos cursos t\u00e9cnicos em Seguran\u00e7a do Trabalho, T\u00e9cnico em Log\u00edstica e T\u00e9cnico em Mec\u00e2nica, na modalidade Educa\u00e7\u00e3o a Dist\u00e2ncia &#8211; EaD, a serem ministrados pelo Col\u00e9gio Pio XII em Juiz de Fora. Inova\u00e7\u00e3o e [&hellip;]<\/p>\n","protected":false},"author":96,"featured_media":131514,"comment_status":"closed","ping_status":"closed","sticky":false,"template":"","format":"standard","meta":{"footnotes":""},"categories":[253,440,439],"tags":[],"class_list":["post-131513","post","type-post","status-publish","format-standard","has-post-thumbnail","hentry","category-cidade","category-destaques-do-dia","category-ultima-hora"],"_links":{"self":[{"href":"https:\/\/diarioregionaldigital.com.br\/index.php?rest_route=\/wp\/v2\/posts\/131513","targetHints":{"allow":["GET"]}}],"collection":[{"href":"https:\/\/diarioregionaldigital.com.br\/index.php?rest_route=\/wp\/v2\/posts"}],"about":[{"href":"https:\/\/diarioregionaldigital.com.br\/index.php?rest_route=\/wp\/v2\/types\/post"}],"author":[{"embeddable":true,"href":"https:\/\/diarioregionaldigital.com.br\/index.php?rest_route=\/wp\/v2\/users\/96"}],"replies":[{"embeddable":true,"href":"https:\/\/diarioregionaldigital.com.br\/index.php?rest_route=%2Fwp%2Fv2%2Fcomments&post=131513"}],"version-history":[{"count":0,"href":"https:\/\/diarioregionaldigital.com.br\/index.php?rest_route=\/wp\/v2\/posts\/131513\/revisions"}],"wp:featuredmedia":[{"embeddable":true,"href":"https:\/\/diarioregionaldigital.com.br\/index.php?rest_route=\/wp\/v2\/media\/131514"}],"wp:attachment":[{"href":"https:\/\/diarioregionaldigital.com.br\/index.php?rest_route=%2Fwp%2Fv2%2Fmedia&parent=131513"}],"wp:term":[{"taxonomy":"category","embeddable":true,"href":"https:\/\/diarioregionaldigital.com.br\/index.php?rest_route=%2Fwp%2Fv2%2Fcategories&post=131513"},{"taxonomy":"post_tag","embeddable":true,"href":"https:\/\/diarioregionaldigital.com.br\/index.php?rest_route=%2Fwp%2Fv2%2Ftags&post=131513"}],"curies":[{"name":"wp","href":"https:\/\/api.w.org\/{rel}","templated":true}]}}