{"id":131507,"date":"2019-01-19T15:06:56","date_gmt":"2019-01-19T17:06:56","guid":{"rendered":"https:\/\/diarioregionaldigital.com.br\/?p=131507"},"modified":"2019-01-19T15:06:56","modified_gmt":"2019-01-19T17:06:56","slug":"projetos-para-abastecimento-de-agua-terao-r-25-bilhoes-em-investimentos","status":"publish","type":"post","link":"https:\/\/diarioregionaldigital.com.br\/?p=131507","title":{"rendered":"Projetos para abastecimento de \u00e1gua ter\u00e3o R$ 25 bilh\u00f5es em investimentos"},"content":{"rendered":"<p>Para assegurar e refor\u00e7ar o abastecimento de \u00e1gua em todo o Pa\u00eds, o Minist\u00e9rio do Desenvolvimento Regional vai investir R$ 25 bilh\u00f5es em 114 projetos com o intuito de assegurar o acesso ao recurso h\u00eddrico. As obras integram o Plano Nacional de Seguran\u00e7a H\u00eddrica (PNSH).<\/p>\n<p>Os repasses ser\u00e3o destinados sobretudo a obras estruturais e estrat\u00e9gicas. Para tanto, unidades como barragens, adutoras, canais e eixos de abastecimento ser\u00e3o mapeados. A ideia \u00e9 produzir um diagn\u00f3stico da situa\u00e7\u00e3o atual de abastecimento e priorizar a conclus\u00e3o das obras j\u00e1 iniciadas.<\/p>\n<p>Entre as a\u00e7\u00f5es priorit\u00e1rias da pasta para garantir a seguran\u00e7a h\u00eddrica est\u00e1 a conclus\u00e3o das obras do Projeto de Integra\u00e7\u00e3o do Rio S\u00e3o Francisco. O Eixo Norte do projeto deve ser entregue ainda no primeiro semestre deste ano. O Eixo Leste j\u00e1 foi entregue e abastece mais de um milh\u00e3o de pessoas na Para\u00edba e em Pernambuco.<\/p>\n<p>Outra medida \u00e9 utilizar tecnologia para que a \u00e1gua do mar seja uma op\u00e7\u00e3o vi\u00e1vel para consumo. Atualmente, o minist\u00e9rio estuda implantar a dessaliniza\u00e7\u00e3o em cidades litor\u00e2neas para evitar que essas regi\u00f5es precisem recorrer a reservat\u00f3rios mais distantes.<\/p>\n<p>O Minist\u00e9rio do Desenvolvimento Regional tamb\u00e9m desenvolve outros programas como o \u00c1gua para Todos, o \u00c1gua Doce e a Opera\u00e7\u00e3o Carro-Pipa.<\/p>\n<p><span class=\"discreet\">Fonte: Governo do Brasil, com informa\u00e7\u00f5es do\u00a0Minist\u00e9rio do Desenvolvimento Regional\u00a0e\u00a0Ag\u00eancia Brasil<\/span><\/p>\n","protected":false},"excerpt":{"rendered":"<p>Para assegurar e refor\u00e7ar o abastecimento de \u00e1gua em todo o Pa\u00eds, o Minist\u00e9rio do Desenvolvimento Regional vai investir R$ 25 bilh\u00f5es em 114 projetos com o intuito de assegurar o acesso ao recurso h\u00eddrico. As obras integram o Plano Nacional de Seguran\u00e7a H\u00eddrica (PNSH). Os repasses ser\u00e3o destinados sobretudo a obras estruturais e estrat\u00e9gicas. [&hellip;]<\/p>\n","protected":false},"author":96,"featured_media":131508,"comment_status":"closed","ping_status":"closed","sticky":false,"template":"","format":"standard","meta":{"footnotes":""},"categories":[302,436,439],"tags":[],"class_list":["post-131507","post","type-post","status-publish","format-standard","has-post-thumbnail","hentry","category-brasil-mundo","category-destaque-da-semana","category-ultima-hora"],"_links":{"self":[{"href":"https:\/\/diarioregionaldigital.com.br\/index.php?rest_route=\/wp\/v2\/posts\/131507","targetHints":{"allow":["GET"]}}],"collection":[{"href":"https:\/\/diarioregionaldigital.com.br\/index.php?rest_route=\/wp\/v2\/posts"}],"about":[{"href":"https:\/\/diarioregionaldigital.com.br\/index.php?rest_route=\/wp\/v2\/types\/post"}],"author":[{"embeddable":true,"href":"https:\/\/diarioregionaldigital.com.br\/index.php?rest_route=\/wp\/v2\/users\/96"}],"replies":[{"embeddable":true,"href":"https:\/\/diarioregionaldigital.com.br\/index.php?rest_route=%2Fwp%2Fv2%2Fcomments&post=131507"}],"version-history":[{"count":0,"href":"https:\/\/diarioregionaldigital.com.br\/index.php?rest_route=\/wp\/v2\/posts\/131507\/revisions"}],"wp:featuredmedia":[{"embeddable":true,"href":"https:\/\/diarioregionaldigital.com.br\/index.php?rest_route=\/wp\/v2\/media\/131508"}],"wp:attachment":[{"href":"https:\/\/diarioregionaldigital.com.br\/index.php?rest_route=%2Fwp%2Fv2%2Fmedia&parent=131507"}],"wp:term":[{"taxonomy":"category","embeddable":true,"href":"https:\/\/diarioregionaldigital.com.br\/index.php?rest_route=%2Fwp%2Fv2%2Fcategories&post=131507"},{"taxonomy":"post_tag","embeddable":true,"href":"https:\/\/diarioregionaldigital.com.br\/index.php?rest_route=%2Fwp%2Fv2%2Ftags&post=131507"}],"curies":[{"name":"wp","href":"https:\/\/api.w.org\/{rel}","templated":true}]}}