{"id":131497,"date":"2019-01-19T13:14:51","date_gmt":"2019-01-19T15:14:51","guid":{"rendered":"https:\/\/diarioregionaldigital.com.br\/?p=131497"},"modified":"2019-01-19T13:14:51","modified_gmt":"2019-01-19T15:14:51","slug":"brasil-aumenta-produtividade-de-graos-na-safra-2018-2019","status":"publish","type":"post","link":"https:\/\/diarioregionaldigital.com.br\/?p=131497","title":{"rendered":"Brasil aumenta produtividade de gr\u00e3os na safra 2018\/2019"},"content":{"rendered":"<p>O Brasil dever\u00e1 colher 237,3 milh\u00f5es de toneladas de gr\u00e3os em 15 culturas diferentes na safra 2018\/2019. Conforme estimativa da Companhia Nacional de Abastecimento (Conab), o volume representa crescimento de 9,5 milh\u00f5es de toneladas em rela\u00e7\u00e3o \u00e0 safra anterior (4,2% a mais em termos proporcionais).<\/p>\n<p>Segundo a empresa, vinculada ao Minist\u00e9rio da Agricultura, a produtividade ser\u00e1 3% maior na compara\u00e7\u00e3o com a safra 2017\/2018. O crescimento da safra de gr\u00e3os ocorre com aumento de 1,2% da \u00e1rea plantada (62,5 milh\u00f5es de hectares no total).<\/p>\n<p>Metade do volume da produ\u00e7\u00e3o de gr\u00e3os estimada \u00e9 do plantio de soja (118,8 milh\u00f5es de toneladas) e 38,4% adv\u00eam das colheitas de milho, colhido em duas safras por ano.<\/p>\n<p>A produ\u00e7\u00e3o de soja \u00e9 0,4% menor que 2017\/2018 (numa \u00e1rea 1,7% maior). De acordo com Cleverton Santana, superintendente de Informa\u00e7\u00f5es do Agroneg\u00f3cio da Conab, a cultura foi prejudicada pela falta de chuva em meados<span id=\"OBJ_PREFIX_DWT321_com_zimbra_date\" role=\"link\">\u00a0de dezembro<\/span>\u00a0no Paran\u00e1 e em Mato Grosso do Sul, quando a lavoura estava em flora\u00e7\u00e3o e frutifica\u00e7\u00e3o.<\/p>\n<p>\u201cAs condi\u00e7\u00f5es clim\u00e1ticas n\u00e3o nos levam a crer que teremos recorde de produtividade de soja\u201d, assinala Santana. Segundo ele, n\u00e3o est\u00e1 prevista anormalidade em janeiro. Outras \u00e1reas de extensa produ\u00e7\u00e3o de soja\u00a0<span id=\"OBJ_PREFIX_DWT322_com_zimbra_date\" role=\"link\">ter<\/span>\u00e3o boa colheita, como o Mato Grosso e o chamado \u201cMatopiba\u201d, acr\u00f4nimo criado com as iniciais dos estados do Maranh\u00e3o, Tocantins, Piau\u00ed e Bahia.<\/p>\n<p>O milho deve\u00a0<span id=\"OBJ_PREFIX_DWT323_com_zimbra_date\" role=\"link\">ter<\/span>\u00a0uma produ\u00e7\u00e3o 12,9% maior. O amendoim\u00a0<span id=\"OBJ_PREFIX_DWT324_com_zimbra_date\" role=\"link\">ter<\/span>\u00e1 alta de 10%. Arroz e feij\u00e3o\u00a0<span id=\"OBJ_PREFIX_DWT325_com_zimbra_date\" role=\"link\">ter<\/span>\u00e3o queda de mais de 7%, por causa da redu\u00e7\u00e3o da \u00e1rea plantada. A Conab destaca ainda o crescimento da safra de algod\u00e3o: produ\u00e7\u00e3o 20,3% maior. A maior parte do algod\u00e3o dever\u00e1 ser usada para a confec\u00e7\u00e3o de tecidos nos mercados interno e externo.<\/p>\n<p>O trigo plantado no sul do pa\u00eds tamb\u00e9m teve ganho de produ\u00e7\u00e3o: 27,3% a mais (total de 5,4 milh\u00f5es de toneladas. Tamb\u00e9m tiveram altas outras \u201cculturas de inverno\u201d como aveia, canola, centeio, cevada e triticale.<\/p>\n<p>A Conab monitora as safras agr\u00edcolas h\u00e1 40 anos. As estimativas s\u00e3o feitas com base em c\u00e1lculo estat\u00edstico, acompanhamento de custos de produ\u00e7\u00e3o e do pacote tecnol\u00f3gico usado nas lavouras, imagens de sat\u00e9lite (\u00edndices de vegeta\u00e7\u00e3o) e pesquisa de campo com produtores<\/p>\n<p>Fonte: Ag\u00eancia Brasil<\/p>\n","protected":false},"excerpt":{"rendered":"<p>O Brasil dever\u00e1 colher 237,3 milh\u00f5es de toneladas de gr\u00e3os em 15 culturas diferentes na safra 2018\/2019. Conforme estimativa da Companhia Nacional de Abastecimento (Conab), o volume representa crescimento de 9,5 milh\u00f5es de toneladas em rela\u00e7\u00e3o \u00e0 safra anterior (4,2% a mais em termos proporcionais). Segundo a empresa, vinculada ao Minist\u00e9rio da Agricultura, a produtividade [&hellip;]<\/p>\n","protected":false},"author":96,"featured_media":131498,"comment_status":"closed","ping_status":"closed","sticky":false,"template":"","format":"standard","meta":{"footnotes":""},"categories":[436,261,439],"tags":[],"class_list":["post-131497","post","type-post","status-publish","format-standard","has-post-thumbnail","hentry","category-destaque-da-semana","category-economia","category-ultima-hora"],"_links":{"self":[{"href":"https:\/\/diarioregionaldigital.com.br\/index.php?rest_route=\/wp\/v2\/posts\/131497","targetHints":{"allow":["GET"]}}],"collection":[{"href":"https:\/\/diarioregionaldigital.com.br\/index.php?rest_route=\/wp\/v2\/posts"}],"about":[{"href":"https:\/\/diarioregionaldigital.com.br\/index.php?rest_route=\/wp\/v2\/types\/post"}],"author":[{"embeddable":true,"href":"https:\/\/diarioregionaldigital.com.br\/index.php?rest_route=\/wp\/v2\/users\/96"}],"replies":[{"embeddable":true,"href":"https:\/\/diarioregionaldigital.com.br\/index.php?rest_route=%2Fwp%2Fv2%2Fcomments&post=131497"}],"version-history":[{"count":0,"href":"https:\/\/diarioregionaldigital.com.br\/index.php?rest_route=\/wp\/v2\/posts\/131497\/revisions"}],"wp:featuredmedia":[{"embeddable":true,"href":"https:\/\/diarioregionaldigital.com.br\/index.php?rest_route=\/wp\/v2\/media\/131498"}],"wp:attachment":[{"href":"https:\/\/diarioregionaldigital.com.br\/index.php?rest_route=%2Fwp%2Fv2%2Fmedia&parent=131497"}],"wp:term":[{"taxonomy":"category","embeddable":true,"href":"https:\/\/diarioregionaldigital.com.br\/index.php?rest_route=%2Fwp%2Fv2%2Fcategories&post=131497"},{"taxonomy":"post_tag","embeddable":true,"href":"https:\/\/diarioregionaldigital.com.br\/index.php?rest_route=%2Fwp%2Fv2%2Ftags&post=131497"}],"curies":[{"name":"wp","href":"https:\/\/api.w.org\/{rel}","templated":true}]}}