{"id":131494,"date":"2019-01-19T13:11:59","date_gmt":"2019-01-19T15:11:59","guid":{"rendered":"https:\/\/diarioregionaldigital.com.br\/?p=131494"},"modified":"2019-01-19T13:11:59","modified_gmt":"2019-01-19T15:11:59","slug":"brasil-ja-recebeu-11-milhao-de-imigrantes-e-7-mil-refugiados","status":"publish","type":"post","link":"https:\/\/diarioregionaldigital.com.br\/?p=131494","title":{"rendered":"Brasil j\u00e1 recebeu 1,1 milh\u00e3o de imigrantes e 7 mil refugiados"},"content":{"rendered":"<p>Ao entrar no Brasil, cada estrangeiro se apresenta \u00e0s autoridades migrat\u00f3rias e informa o motivo da visita ao pa\u00eds. Se o motivo for turismo, o visitante recebe um visto v\u00e1lido por at\u00e9 dois meses. Se o objetivo for morar temporariamente no Brasil, \u00e9 preciso preencher um cadastro pela internet para ter direito a permanecer no pa\u00eds por at\u00e9 dois anos. O visto \u00e9 emitido em at\u00e9 cinco dias e pode ser renovado.<\/p>\n<div class=\"dnd-widget-wrapper context-cheio_8colunas type-image\">\n<div class=\"dnd-atom-rendered\">\n<p>Atualmente 1,1 milh\u00e3o de pessoas est\u00e3o em uma dessas situa\u00e7\u00f5es.<\/p>\n<p>Para ser reconhecida como refugiada \u2013 como 7 mil residentes no Brasil \u2013, a pessoa precisa provar que sofre algum tipo de persegui\u00e7\u00e3o, por motivos como opini\u00e3o pol\u00edtica, nacionalidade ou religi\u00e3o. \u201cDo ponto de vista jur\u00eddico, ambas as alternativas conferem direitos e garantias aos imigrantes\u201d, afirma o diretor do Departamento de Migra\u00e7\u00f5es do Minist\u00e9rio da Justi\u00e7a, Andr\u00e9 Furquim. \u201cO nosso desafio \u00e9 fazer com que o imigrante conhe\u00e7a a distin\u00e7\u00e3o entre ambos os institutos e, encarando a situa\u00e7\u00e3o que est\u00e1 vivenciando, opte por aquela alternativa que lhe melhor convier.\u201d<\/p>\n<p>Devido \u00e0 onda migrat\u00f3ria na Venezuela, os postos de triagem montados pela Opera\u00e7\u00e3o Acolhida nas cidades de Pacaraima e Boa Vista, ambas em Roraima, orientam quem cruza a fronteira. Agentes da ONU Migra\u00e7\u00e3o prestam atendimento aos imigrantes sobre quais documentos s\u00e3o necess\u00e1rios para solicitar vistos de turista ou de residente, enquanto representantes do Alto Comissariado das Na\u00e7\u00f5es Unidas para Refugiados (Acnur) informam sobre as circunst\u00e2ncias para requerer o\u00a0<em>status<\/em>\u00a0de refugiado.<\/p>\n<p>Em visita \u00e0s instala\u00e7\u00f5es da opera\u00e7\u00e3o, em Roraima, a secret\u00e1ria nacional de Justi\u00e7a, Maria Hilda Marsiaj, disse que \u201cos pedidos de ref\u00fagio se acumulam porque precisam ser analisados minuciosamente e, muitas vezes, j\u00e1 n\u00e3o cumprem os requisitos\u201d. Entre as exig\u00eancias est\u00e1 a de que a pessoa s\u00f3 pode retornar ao pa\u00eds de origem com a permiss\u00e3o das autoridades brasileiras. Sem a autoriza\u00e7\u00e3o, ela perde o direito ao ref\u00fagio.<\/p>\n<p>\u201cO pedido de ref\u00fagio \u00e9 mais complexo, porque \u00e9 preciso comprovar a exist\u00eancia desse temor e relatar pessoalmente para um servidor do Minist\u00e9rio da Justi\u00e7a, que vai procurar saber se existe mesmo a realidade que o solicitante conta no pa\u00eds de origem dele\u201d, explica o coordenador-geral do Comit\u00ea Nacional para os Refugiados (Conare), Bernardo Lafet\u00e9. O Conare \u00e9 vinculado ao Minist\u00e9rio da Justi\u00e7a.<\/p>\n<\/div>\n<\/div>\n<p>Fonte: Ag\u00eancia Brasil<\/p>\n","protected":false},"excerpt":{"rendered":"<p>Ao entrar no Brasil, cada estrangeiro se apresenta \u00e0s autoridades migrat\u00f3rias e informa o motivo da visita ao pa\u00eds. Se o motivo for turismo, o visitante recebe um visto v\u00e1lido por at\u00e9 dois meses. Se o objetivo for morar temporariamente no Brasil, \u00e9 preciso preencher um cadastro pela internet para ter direito a permanecer no [&hellip;]<\/p>\n","protected":false},"author":96,"featured_media":131495,"comment_status":"closed","ping_status":"closed","sticky":false,"template":"","format":"standard","meta":{"footnotes":""},"categories":[302,436,439],"tags":[],"class_list":["post-131494","post","type-post","status-publish","format-standard","has-post-thumbnail","hentry","category-brasil-mundo","category-destaque-da-semana","category-ultima-hora"],"_links":{"self":[{"href":"https:\/\/diarioregionaldigital.com.br\/index.php?rest_route=\/wp\/v2\/posts\/131494","targetHints":{"allow":["GET"]}}],"collection":[{"href":"https:\/\/diarioregionaldigital.com.br\/index.php?rest_route=\/wp\/v2\/posts"}],"about":[{"href":"https:\/\/diarioregionaldigital.com.br\/index.php?rest_route=\/wp\/v2\/types\/post"}],"author":[{"embeddable":true,"href":"https:\/\/diarioregionaldigital.com.br\/index.php?rest_route=\/wp\/v2\/users\/96"}],"replies":[{"embeddable":true,"href":"https:\/\/diarioregionaldigital.com.br\/index.php?rest_route=%2Fwp%2Fv2%2Fcomments&post=131494"}],"version-history":[{"count":0,"href":"https:\/\/diarioregionaldigital.com.br\/index.php?rest_route=\/wp\/v2\/posts\/131494\/revisions"}],"wp:featuredmedia":[{"embeddable":true,"href":"https:\/\/diarioregionaldigital.com.br\/index.php?rest_route=\/wp\/v2\/media\/131495"}],"wp:attachment":[{"href":"https:\/\/diarioregionaldigital.com.br\/index.php?rest_route=%2Fwp%2Fv2%2Fmedia&parent=131494"}],"wp:term":[{"taxonomy":"category","embeddable":true,"href":"https:\/\/diarioregionaldigital.com.br\/index.php?rest_route=%2Fwp%2Fv2%2Fcategories&post=131494"},{"taxonomy":"post_tag","embeddable":true,"href":"https:\/\/diarioregionaldigital.com.br\/index.php?rest_route=%2Fwp%2Fv2%2Ftags&post=131494"}],"curies":[{"name":"wp","href":"https:\/\/api.w.org\/{rel}","templated":true}]}}