{"id":131488,"date":"2019-01-19T12:53:35","date_gmt":"2019-01-19T14:53:35","guid":{"rendered":"https:\/\/diarioregionaldigital.com.br\/?p=131488"},"modified":"2019-01-19T12:53:35","modified_gmt":"2019-01-19T14:53:35","slug":"projeto-facilita-venda-de-antibioticos-em-locais-sem-servico-publico-de-saude","status":"publish","type":"post","link":"https:\/\/diarioregionaldigital.com.br\/?p=131488","title":{"rendered":"Projeto facilita venda de antibi\u00f3ticos em locais sem servi\u00e7o p\u00fablico de sa\u00fade"},"content":{"rendered":"<p>Pessoas que moram em locais sem servi\u00e7o regular de sa\u00fade p\u00fablica poder\u00e3o comprar antibi\u00f3ticos sem receita m\u00e9dica. \u00c9 o que prev\u00ea o\u00a0PLS 545\/2018\u00a0que est\u00e1 em an\u00e1lise na Comiss\u00e3o de Assuntos Sociais (CAS). A inten\u00e7\u00e3o \u00e9 garantir o tratamento em locais com dificuldade de acesso a servi\u00e7os m\u00e9dicos.<\/p>\n<p><strong>&#8220;<\/strong>O que precisamos, claro, \u00e9 de sa\u00fade com acesso gratuito e universal para que todos tenham diagn\u00f3stico e prescri\u00e7\u00e3o m\u00e9dica. Mas, enquanto esse sonho n\u00e3o se concretiza, precisamos garantir o acesso da popula\u00e7\u00e3o a esses medicamentos em localidades que n\u00e3o possuam atendimento m\u00e9dico e servi\u00e7o de sa\u00fade p\u00fablica regular&#8221;, explicou o senador Guaracy Silveira (PSL-TO), autor do texto.<\/p>\n<p>A exig\u00eancia de reten\u00e7\u00e3o de receita m\u00e9dica para os antibi\u00f3ticos \u00e9 uma determina\u00e7\u00e3o da Ag\u00eancia Nacional de Vigil\u00e2ncia Sanit\u00e1ria (Anvisa) desde 2010. De acordo com resolu\u00e7\u00e3o da ag\u00eancia, a venda desse tipo de rem\u00e9dio s\u00f3 pode ser feita com uma receita dupla em que uma via \u00e9 retida pela farm\u00e1cia e a outra permanece com o cliente. Para o senador, a medida \u00e9 resultante do corporativismo dos m\u00e9dicos e dificulta o acesso da popula\u00e7\u00e3o ao tratamento.<\/p>\n<p>&#8220;Trago um exemplo para explicar melhor minha indigna\u00e7\u00e3o: a Amoxicilina, antibi\u00f3tico muito usado para combater dores simples de garganta, custa R$ 16 nas farm\u00e1cias de Bras\u00edlia. Mas a consulta m\u00e9dica para se conseguir a receita custa R$ 200, R$ 300. Isso est\u00e1 certo? Isso \u00e9 justo com a popula\u00e7\u00e3o mais pobre?&#8221;, disse.<\/p>\n<p>A dispensa de receita prevista no texto se aplica tanto aos antibi\u00f3ticos isolados quanto aos associados a outras subst\u00e2ncias na f\u00f3rmula.<\/p>\n<p>O texto ainda n\u00e3o tem relator e a decis\u00e3o da CAS ser\u00e1 terminativa. Isso significa que, se aprovado, o projeto seguir\u00e1 diretamente para a C\u00e2mara dos Deputados, a menos que haja recurso para a an\u00e1lise pelo Plen\u00e1rio do Senado.<\/p>\n<p>Fonte: Ag\u00eancia Senado<\/p>\n","protected":false},"excerpt":{"rendered":"<p>Pessoas que moram em locais sem servi\u00e7o regular de sa\u00fade p\u00fablica poder\u00e3o comprar antibi\u00f3ticos sem receita m\u00e9dica. \u00c9 o que prev\u00ea o\u00a0PLS 545\/2018\u00a0que est\u00e1 em an\u00e1lise na Comiss\u00e3o de Assuntos Sociais (CAS). A inten\u00e7\u00e3o \u00e9 garantir o tratamento em locais com dificuldade de acesso a servi\u00e7os m\u00e9dicos. &#8220;O que precisamos, claro, \u00e9 de sa\u00fade com [&hellip;]<\/p>\n","protected":false},"author":96,"featured_media":131489,"comment_status":"closed","ping_status":"closed","sticky":false,"template":"","format":"standard","meta":{"footnotes":""},"categories":[436,254,439],"tags":[],"class_list":["post-131488","post","type-post","status-publish","format-standard","has-post-thumbnail","hentry","category-destaque-da-semana","category-politica","category-ultima-hora"],"_links":{"self":[{"href":"https:\/\/diarioregionaldigital.com.br\/index.php?rest_route=\/wp\/v2\/posts\/131488","targetHints":{"allow":["GET"]}}],"collection":[{"href":"https:\/\/diarioregionaldigital.com.br\/index.php?rest_route=\/wp\/v2\/posts"}],"about":[{"href":"https:\/\/diarioregionaldigital.com.br\/index.php?rest_route=\/wp\/v2\/types\/post"}],"author":[{"embeddable":true,"href":"https:\/\/diarioregionaldigital.com.br\/index.php?rest_route=\/wp\/v2\/users\/96"}],"replies":[{"embeddable":true,"href":"https:\/\/diarioregionaldigital.com.br\/index.php?rest_route=%2Fwp%2Fv2%2Fcomments&post=131488"}],"version-history":[{"count":0,"href":"https:\/\/diarioregionaldigital.com.br\/index.php?rest_route=\/wp\/v2\/posts\/131488\/revisions"}],"wp:featuredmedia":[{"embeddable":true,"href":"https:\/\/diarioregionaldigital.com.br\/index.php?rest_route=\/wp\/v2\/media\/131489"}],"wp:attachment":[{"href":"https:\/\/diarioregionaldigital.com.br\/index.php?rest_route=%2Fwp%2Fv2%2Fmedia&parent=131488"}],"wp:term":[{"taxonomy":"category","embeddable":true,"href":"https:\/\/diarioregionaldigital.com.br\/index.php?rest_route=%2Fwp%2Fv2%2Fcategories&post=131488"},{"taxonomy":"post_tag","embeddable":true,"href":"https:\/\/diarioregionaldigital.com.br\/index.php?rest_route=%2Fwp%2Fv2%2Ftags&post=131488"}],"curies":[{"name":"wp","href":"https:\/\/api.w.org\/{rel}","templated":true}]}}