{"id":131485,"date":"2019-01-19T12:50:23","date_gmt":"2019-01-19T14:50:23","guid":{"rendered":"https:\/\/diarioregionaldigital.com.br\/?p=131485"},"modified":"2019-01-19T12:50:23","modified_gmt":"2019-01-19T14:50:23","slug":"aprovada-no-senado-reforma-na-lei-de-execucao-penal-combate-superlotacao-carceraria","status":"publish","type":"post","link":"https:\/\/diarioregionaldigital.com.br\/?p=131485","title":{"rendered":"Aprovada no Senado, reforma na Lei de Execu\u00e7\u00e3o Penal combate superlota\u00e7\u00e3o carcer\u00e1ria"},"content":{"rendered":"<p>Desde 2017 o projeto aprovado pelo Senado que aperfei\u00e7oa a Lei de Execu\u00e7\u00e3o Penal (<a href=\"http:\/\/www.planalto.gov.br\/ccivil_03\/leis\/L7210.htm\">Lei 7.210, de 1984<\/a>) est\u00e1 parado na C\u00e2mara dos Deputados. A proposta tem como um dos seus principais objetivos atacar problemas enfrentados pelo sistema carcer\u00e1rio brasileiro, como a superlota\u00e7\u00e3o de pres\u00eddios, a informatiza\u00e7\u00e3o e a ressocializa\u00e7\u00e3o de detentos.<\/p>\n<p>Em 19 de dezembro passado, o projeto foi um dos temas da sabatina da conselheira Maria Tereza Uille Gomes \u2014 que fez parte da comiss\u00e3o de juristas respons\u00e1vel pelo projeto original (PLS 513\/2013) \u2014 em sua recondu\u00e7\u00e3o ao Conselho Nacional de Justi\u00e7a. Em seu entendimento, a aprova\u00e7\u00e3o do projeto seria importante para a gest\u00e3o do sistema prisional. Ela destacou no novo texto a prerrogativa do Supremo Tribunal Federal sobre o controle de superlota\u00e7\u00e3o em pres\u00eddios.<\/p>\n<p>&#8220;No caso de um pres\u00eddio superlotado, o que fazer? S\u00f3 quem pode assinar o alvar\u00e1 de soltura com a progress\u00e3o antecipada \u00e9 o Judici\u00e1rio, e ningu\u00e9m tira do Judici\u00e1rio a escolha de quais os casos em que ele deva atuar. Contudo, se existe superlota\u00e7\u00e3o e ofensa aos direitos humanos, teria o Judici\u00e1rio, ent\u00e3o, que verificar quais s\u00e3o os presos que est\u00e3o mais pr\u00f3ximos da porta de sa\u00edda?&#8221;, indagou a conselheira do CNJ.<\/p>\n<p>Da mesma forma, o relator do\u00a0PLS 513\/2013\u00a0em Plen\u00e1rio, senador Antonio Anastasia (PSDB-MG), observou que \u201co sistema carcer\u00e1rio nacional encontra-se em situa\u00e7\u00e3o cr\u00edtica\u201d. Ele destaca que a proposta ataca uma s\u00e9rie de problemas estruturais do sistema carcer\u00e1rio, como excesso de presos provis\u00f3rios; a falta de vagas para cumprimento dos diversos regimes de pena; e o desvio da finalidade de execu\u00e7\u00e3o da pena.<\/p>\n<p>O projeto altera ainda o C\u00f3digo de Processo Penal (Decreto-Lei 3.689, de 1941), a Lei de Crimes Hediondos (Lei 8.072, de 1990), o C\u00f3digo Penal (Decreto-Lei 2.848, de 1940), entre outras leis.<\/p>\n<h3>Mudan\u00e7as no sistema carcer\u00e1rio<\/h3>\n<p>Outros projetos em tramita\u00e7\u00e3o no Senado t\u00eam como objetivo alterar a Lei de Execu\u00e7\u00e3o Penal. O que mais avan\u00e7ou foi o\u00a0PLS 580\/2015, do senador Waldemir Moka (MDB-MS), que obriga o preso a ressarcir o Estado das despesas com sua manuten\u00e7\u00e3o. A proposi\u00e7\u00e3o aguarda vota\u00e7\u00e3o em Plen\u00e1rio. Se aprovada, segue para a C\u00e2mara dos Deputados.<\/p>\n<p>Na Comiss\u00e3o de Constitui\u00e7\u00e3o, Justi\u00e7a e Cidadania (CCJ), dois projetos t\u00eam pareceres prontos para vota\u00e7\u00e3o. O\u00a0PLS 148\/2015, de autoria do senador Otto Alencar (PSD-BA), modifica a progress\u00e3o de regime aos condenados reincidentes. O senador Ricardo Ferra\u00e7o (PSDB-ES) apresentou relat\u00f3rio pela rejei\u00e7\u00e3o do projeto. Do senador Lasier Martins (PSD-RS), o\u00a0PLS 207\/2017\u00a0estabelece como falta grave por parte do condenado a inobserv\u00e2ncia do per\u00edmetro de inclus\u00e3o determinado pela monitora\u00e7\u00e3o eletr\u00f4nica. A proposi\u00e7\u00e3o recebeu parecer favor\u00e1vel do relator, senador Ronaldo Caiado (DEM-GO), na forma de substitutivo.<\/p>\n<p>Outros projetos na CCJ aguardam designa\u00e7\u00e3o de relatores:<\/p>\n<ul>\n<li>PLS 576\/2015, do senador Davi Alcolumbre (DEM-AP), prop\u00f5e remi\u00e7\u00e3o proporcional da pena ou indeniza\u00e7\u00e3o em dinheiro ao condenado que cumprir pena em pris\u00e3o superlotada ou em condi\u00e7\u00f5es degradantes.<\/li>\n<li>PLS 141\/2018, do senador Wilder Morais (PP-GO), muda regras relativas a indeniza\u00e7\u00f5es, restringe sa\u00eddas tempor\u00e1rias e fixa requisitos para a concess\u00e3o de indulto.<\/li>\n<li>PLS 147\/2017, do senador Lasier Martins, prev\u00ea nova hip\u00f3tese de remi\u00e7\u00e3o de pena para o preso em situa\u00e7\u00e3o degradante e define o procedimento do incidente de excesso ou desvio de execu\u00e7\u00e3o (hoje aplica-se subsidiariamente o incidente de falsidade previsto no C\u00f3digo de Processo Penal).<\/li>\n<li>PLS 452\/2018, do senador Cristovam Buarque (PPS-DF), assegura ao egresso do sistema prisional passagem rodovi\u00e1ria para sua cidade de origem.<\/li>\n<li>PLS 266\/2018, do senador Pedro Chaves (PRB-MS), pro\u00edbe sa\u00eddas tempor\u00e1rias no Dia dos Pais e no Dia das M\u00e3es a condenados por homic\u00eddio contra seus genitores.<\/li>\n<\/ul>\n<p>Mais uma proposta que diz respeito ao sistema carcer\u00e1rio aguarda relator na Comiss\u00e3o de Direitos Humanos e Legisla\u00e7\u00e3o Participativa (CDH):<\/p>\n<ul>\n<li>PLS 490\/2018, apresentado pela CPI dos Maus-tratos, restringe as visitas de crian\u00e7as e adolescentes a condenados por crimes hediondos.<\/li>\n<\/ul>\n<p>Fonte: Ag\u00eancia Senado<\/p>\n","protected":false},"excerpt":{"rendered":"<p>Desde 2017 o projeto aprovado pelo Senado que aperfei\u00e7oa a Lei de Execu\u00e7\u00e3o Penal (Lei 7.210, de 1984) est\u00e1 parado na C\u00e2mara dos Deputados. A proposta tem como um dos seus principais objetivos atacar problemas enfrentados pelo sistema carcer\u00e1rio brasileiro, como a superlota\u00e7\u00e3o de pres\u00eddios, a informatiza\u00e7\u00e3o e a ressocializa\u00e7\u00e3o de detentos. Em 19 de [&hellip;]<\/p>\n","protected":false},"author":96,"featured_media":131486,"comment_status":"closed","ping_status":"closed","sticky":false,"template":"","format":"standard","meta":{"footnotes":""},"categories":[436,254,439],"tags":[],"class_list":["post-131485","post","type-post","status-publish","format-standard","has-post-thumbnail","hentry","category-destaque-da-semana","category-politica","category-ultima-hora"],"_links":{"self":[{"href":"https:\/\/diarioregionaldigital.com.br\/index.php?rest_route=\/wp\/v2\/posts\/131485","targetHints":{"allow":["GET"]}}],"collection":[{"href":"https:\/\/diarioregionaldigital.com.br\/index.php?rest_route=\/wp\/v2\/posts"}],"about":[{"href":"https:\/\/diarioregionaldigital.com.br\/index.php?rest_route=\/wp\/v2\/types\/post"}],"author":[{"embeddable":true,"href":"https:\/\/diarioregionaldigital.com.br\/index.php?rest_route=\/wp\/v2\/users\/96"}],"replies":[{"embeddable":true,"href":"https:\/\/diarioregionaldigital.com.br\/index.php?rest_route=%2Fwp%2Fv2%2Fcomments&post=131485"}],"version-history":[{"count":0,"href":"https:\/\/diarioregionaldigital.com.br\/index.php?rest_route=\/wp\/v2\/posts\/131485\/revisions"}],"wp:featuredmedia":[{"embeddable":true,"href":"https:\/\/diarioregionaldigital.com.br\/index.php?rest_route=\/wp\/v2\/media\/131486"}],"wp:attachment":[{"href":"https:\/\/diarioregionaldigital.com.br\/index.php?rest_route=%2Fwp%2Fv2%2Fmedia&parent=131485"}],"wp:term":[{"taxonomy":"category","embeddable":true,"href":"https:\/\/diarioregionaldigital.com.br\/index.php?rest_route=%2Fwp%2Fv2%2Fcategories&post=131485"},{"taxonomy":"post_tag","embeddable":true,"href":"https:\/\/diarioregionaldigital.com.br\/index.php?rest_route=%2Fwp%2Fv2%2Ftags&post=131485"}],"curies":[{"name":"wp","href":"https:\/\/api.w.org\/{rel}","templated":true}]}}