{"id":131482,"date":"2019-01-19T12:43:10","date_gmt":"2019-01-19T14:43:10","guid":{"rendered":"https:\/\/diarioregionaldigital.com.br\/?p=131482"},"modified":"2019-01-19T12:43:10","modified_gmt":"2019-01-19T14:43:10","slug":"antt-publica-nova-tabela-com-valores-do-frete-minimo","status":"publish","type":"post","link":"https:\/\/diarioregionaldigital.com.br\/?p=131482","title":{"rendered":"ANTT publica nova tabela com valores do frete m\u00ednimo"},"content":{"rendered":"<p>A Ag\u00eancia Nacional de Transporte Terrestres (ANTT) publicou nessa sexta-feira, 18, no<a href=\"http:\/\/www.in.gov.br\/web\/guest\/materia\/-\/asset_publisher\/Kujrw0TZC2Mb\/content\/id\/59628733\/do1-2019-01-18-resolucao-n-5-839-de-17-de-janeiro-de-2019-59628631\" target=\"_blank\" rel=\"noopener\"><em>\u00a0Di\u00e1rio Oficial da Uni\u00e3o<\/em><\/a>\u00a0(DOU), nova tabela com os pisos m\u00ednimos de frete. A Lei 13.703, de 2018, que instituiu a Pol\u00edtica Nacional de Pisos M\u00ednimos do Transporte Rodovi\u00e1rio de Cargas, prev\u00ea que uma nova tabela com frete m\u00ednimo deve ser publicada quando houver oscila\u00e7\u00e3o superior a 10% no pre\u00e7o do \u00f3leo diesel no mercado nacional. De acordo com a lei, a publica\u00e7\u00e3o da nova tabela tem que ser feita at\u00e9 os dias 20 de janeiro e 20 de julho de cada ano, ficando os valores v\u00e1lidos para o semestre.<\/p>\n<p>A pol\u00edtica do frete m\u00ednimo foi uma das reivindica\u00e7\u00f5es dos caminhoneiros que paralisaram as estradas de todo o pa\u00eds em maio do ano passado. A lei especifica que os pisos m\u00ednimos de frete dever\u00e3o refletir os custos operacionais totais do transporte, definidos e divulgados nos termos da ANTT, com prioriza\u00e7\u00e3o dos custos referentes ao \u00f3leo diesel e aos ped\u00e1gios.<\/p>\n<p>De acordo com a legisla\u00e7\u00e3o, a tabela deve trazer os pisos m\u00ednimos referentes ao quil\u00f4metro rodado por eixo carregado, consideradas as dist\u00e2ncias e as especificidades das cargas, bem como planilha de c\u00e1lculos utilizada para a obten\u00e7\u00e3o dos pisos m\u00ednimos.<\/p>\n<p>Apesar da publica\u00e7\u00e3o, na quarta-feira, 16, a Justi\u00e7a Federal em Bras\u00edlia aceitou pedido liminar feito pela\u00a0Federa\u00e7\u00e3o das Ind\u00fastrias de S\u00e3o Paulo\u00a0(Fiesp) e suspendeu a aplica\u00e7\u00e3o do tabelamento do frete rodovi\u00e1rio para as entidades filiadas \u00e0 entidade. A decis\u00e3o \u00e9 provis\u00f3ria e foi assinada no dia 7 de janeiro pelo juiz M\u00e1rcio de Fran\u00e7a Moreira, da 8\u00aa Vara Federal do Distrito Federal.<\/p>\n<p>Com a decis\u00e3o, a ANTT ficou proibida de aplicar multas pelo descumprimento da tabela de frete para as empresas filiadas \u00e0 Fiesp. Cabe recurso da decis\u00e3o. O juiz M\u00e1rcio de Fran\u00e7a Moreira entendeu que houve problemas legais na tramita\u00e7\u00e3o da medida provis\u00f3ria (MP) editada no ano passado pelo ent\u00e3o-presidente Michel Temer, que estabeleceu a pol\u00edtica de pre\u00e7os m\u00ednimos. O \u00f3rg\u00e3o disse que vai recorrer da decis\u00e3o.<\/p>\n<p>De acordo com a resolu\u00e7\u00e3o da ANTT as multas aplicadas a quem descumprir os pre\u00e7os m\u00ednimos da tabela do frete rodovi\u00e1rio se enquadram em quatro situa\u00e7\u00f5es distintas, variando do valor m\u00ednimo de R$ 550 e podendo chegar ao m\u00e1ximo de R$ 10,5 mil.<\/p>\n<p>Fonte: Ag\u00eancia Brasil<\/p>\n","protected":false},"excerpt":{"rendered":"<p>A Ag\u00eancia Nacional de Transporte Terrestres (ANTT) publicou nessa sexta-feira, 18, no\u00a0Di\u00e1rio Oficial da Uni\u00e3o\u00a0(DOU), nova tabela com os pisos m\u00ednimos de frete. A Lei 13.703, de 2018, que instituiu a Pol\u00edtica Nacional de Pisos M\u00ednimos do Transporte Rodovi\u00e1rio de Cargas, prev\u00ea que uma nova tabela com frete m\u00ednimo deve ser publicada quando houver oscila\u00e7\u00e3o [&hellip;]<\/p>\n","protected":false},"author":96,"featured_media":131483,"comment_status":"closed","ping_status":"closed","sticky":false,"template":"","format":"standard","meta":{"footnotes":""},"categories":[436,261,439],"tags":[],"class_list":["post-131482","post","type-post","status-publish","format-standard","has-post-thumbnail","hentry","category-destaque-da-semana","category-economia","category-ultima-hora"],"_links":{"self":[{"href":"https:\/\/diarioregionaldigital.com.br\/index.php?rest_route=\/wp\/v2\/posts\/131482","targetHints":{"allow":["GET"]}}],"collection":[{"href":"https:\/\/diarioregionaldigital.com.br\/index.php?rest_route=\/wp\/v2\/posts"}],"about":[{"href":"https:\/\/diarioregionaldigital.com.br\/index.php?rest_route=\/wp\/v2\/types\/post"}],"author":[{"embeddable":true,"href":"https:\/\/diarioregionaldigital.com.br\/index.php?rest_route=\/wp\/v2\/users\/96"}],"replies":[{"embeddable":true,"href":"https:\/\/diarioregionaldigital.com.br\/index.php?rest_route=%2Fwp%2Fv2%2Fcomments&post=131482"}],"version-history":[{"count":0,"href":"https:\/\/diarioregionaldigital.com.br\/index.php?rest_route=\/wp\/v2\/posts\/131482\/revisions"}],"wp:featuredmedia":[{"embeddable":true,"href":"https:\/\/diarioregionaldigital.com.br\/index.php?rest_route=\/wp\/v2\/media\/131483"}],"wp:attachment":[{"href":"https:\/\/diarioregionaldigital.com.br\/index.php?rest_route=%2Fwp%2Fv2%2Fmedia&parent=131482"}],"wp:term":[{"taxonomy":"category","embeddable":true,"href":"https:\/\/diarioregionaldigital.com.br\/index.php?rest_route=%2Fwp%2Fv2%2Fcategories&post=131482"},{"taxonomy":"post_tag","embeddable":true,"href":"https:\/\/diarioregionaldigital.com.br\/index.php?rest_route=%2Fwp%2Fv2%2Ftags&post=131482"}],"curies":[{"name":"wp","href":"https:\/\/api.w.org\/{rel}","templated":true}]}}