{"id":131476,"date":"2019-01-19T09:38:57","date_gmt":"2019-01-19T11:38:57","guid":{"rendered":"https:\/\/diarioregionaldigital.com.br\/?p=131476"},"modified":"2019-01-19T09:39:59","modified_gmt":"2019-01-19T11:39:59","slug":"homem-e-vitima-de-assalto-em-inteiro-de-clube","status":"publish","type":"post","link":"https:\/\/diarioregionaldigital.com.br\/?p=131476","title":{"rendered":"Homem \u00e9 v\u00edtima de assalto em inteiro de clube"},"content":{"rendered":"<p>&nbsp;<\/p>\n<p>Um homem, 51 anos, foi v\u00edtima de assalto na madrugada deste s\u00e1bado, 19, em um motoclube na Avenida Sete de Setembro.<\/p>\n<p>De acordo com a v\u00edtima, dois indiv\u00edduos chegaram no local e pediram duas cervejas. Em seguida, os autores renderam o homem e utilizaram for\u00e7a f\u00edsica e viol\u00eancia.<\/p>\n<p>Foram roubados dois aparelhos celulares. Os autores fugiram em um ve\u00edculo e n\u00e3o foram localizados.<\/p>\n","protected":false},"excerpt":{"rendered":"<p>&nbsp; Um homem, 51 anos, foi v\u00edtima de assalto na madrugada deste s\u00e1bado, 19, em um motoclube na Avenida Sete de Setembro. De acordo com a v\u00edtima, dois indiv\u00edduos chegaram no local e pediram duas cervejas. Em seguida, os autores renderam o homem e utilizaram for\u00e7a f\u00edsica e viol\u00eancia. Foram roubados dois aparelhos celulares. Os [&hellip;]<\/p>\n","protected":false},"author":96,"featured_media":95836,"comment_status":"closed","ping_status":"closed","sticky":false,"template":"","format":"standard","meta":{"footnotes":""},"categories":[301,439],"tags":[],"class_list":["post-131476","post","type-post","status-publish","format-standard","has-post-thumbnail","hentry","category-artigos-policiais","category-ultima-hora"],"_links":{"self":[{"href":"https:\/\/diarioregionaldigital.com.br\/index.php?rest_route=\/wp\/v2\/posts\/131476","targetHints":{"allow":["GET"]}}],"collection":[{"href":"https:\/\/diarioregionaldigital.com.br\/index.php?rest_route=\/wp\/v2\/posts"}],"about":[{"href":"https:\/\/diarioregionaldigital.com.br\/index.php?rest_route=\/wp\/v2\/types\/post"}],"author":[{"embeddable":true,"href":"https:\/\/diarioregionaldigital.com.br\/index.php?rest_route=\/wp\/v2\/users\/96"}],"replies":[{"embeddable":true,"href":"https:\/\/diarioregionaldigital.com.br\/index.php?rest_route=%2Fwp%2Fv2%2Fcomments&post=131476"}],"version-history":[{"count":0,"href":"https:\/\/diarioregionaldigital.com.br\/index.php?rest_route=\/wp\/v2\/posts\/131476\/revisions"}],"wp:featuredmedia":[{"embeddable":true,"href":"https:\/\/diarioregionaldigital.com.br\/index.php?rest_route=\/wp\/v2\/media\/95836"}],"wp:attachment":[{"href":"https:\/\/diarioregionaldigital.com.br\/index.php?rest_route=%2Fwp%2Fv2%2Fmedia&parent=131476"}],"wp:term":[{"taxonomy":"category","embeddable":true,"href":"https:\/\/diarioregionaldigital.com.br\/index.php?rest_route=%2Fwp%2Fv2%2Fcategories&post=131476"},{"taxonomy":"post_tag","embeddable":true,"href":"https:\/\/diarioregionaldigital.com.br\/index.php?rest_route=%2Fwp%2Fv2%2Ftags&post=131476"}],"curies":[{"name":"wp","href":"https:\/\/api.w.org\/{rel}","templated":true}]}}