{"id":131425,"date":"2019-01-20T00:28:20","date_gmt":"2019-01-20T02:28:20","guid":{"rendered":"https:\/\/diarioregionaldigital.com.br\/?p=131425"},"modified":"2019-01-18T19:42:33","modified_gmt":"2019-01-18T21:42:33","slug":"in-moda-resolucoes-fashion-2019","status":"publish","type":"post","link":"https:\/\/diarioregionaldigital.com.br\/?p=131425","title":{"rendered":"In Moda &#8211; Resolu\u00e7\u00f5es Fashion 2019!"},"content":{"rendered":"<p><span style=\"font-size: 14pt\"><strong>RESOLU\u00c7\u00d5ES FASHION 2019<\/strong><\/span><\/p>\n<p><span style=\"font-size: 14pt\">O ano come\u00e7ou e com ele sempre vem muitas resolu\u00e7\u00f5es novas! Aquela promessa de dieta, de viajar mais, de gastar menos&#8230;&#8230;. e por qu\u00ea n\u00e3o aproveitar que ainda estamos dando os primeiros passos em 2019 para fazer as \u201cresolu\u00e7\u00f5es fashion\u201d? Aquele objetivo de moda que voc\u00ea sempre deixa pra depois, pode sair do papel j\u00e1!<\/span><\/p>\n<p>&nbsp;<\/p>\n<ol>\n<li><span style=\"font-size: 14pt\">Saia do b\u00e1sico!<\/span><\/li>\n<\/ol>\n<p><span style=\"font-size: 14pt\">Come\u00e7o de ano \u00e9 uma \u00f3tima oportunidade pra isso. Se voc\u00ea est\u00e1 cansada dos mesmos looks, da produ\u00e7\u00e3o preta, branca e nude, a hora de ousar \u00e9 agora. O nosso ano j\u00e1 come\u00e7a do auge do ver\u00e3o, a esta\u00e7\u00e3o perfeita para se jogar em mix de estampas, cores que voc\u00ea\u00a0 jamais pensaria em usar e modelagens cheias de recortes. Quem sabe sua primeira resolu\u00e7\u00e3o n\u00e3o \u00e9 colocar pra jogo aquela pe\u00e7a que voc\u00ea comprou e nunca teve coragem de usar?<\/span><\/p>\n<p style=\"text-align: center\"><img loading=\"lazy\" decoding=\"async\" class=\"alignnone size-medium wp-image-131407\" src=\"https:\/\/diarioregionaldigital.com.br\/wp-content\/uploads\/2019\/01\/SAIA-DO-BASICO-200x300.jpg\" alt=\"\" width=\"200\" height=\"300\" srcset=\"https:\/\/diarioregionaldigital.com.br\/wp-content\/uploads\/2019\/01\/SAIA-DO-BASICO-200x300.jpg 200w, https:\/\/diarioregionaldigital.com.br\/wp-content\/uploads\/2019\/01\/SAIA-DO-BASICO.jpg 683w, https:\/\/diarioregionaldigital.com.br\/wp-content\/uploads\/2019\/01\/SAIA-DO-BASICO-360x540.jpg 360w\" sizes=\"auto, (max-width: 200px) 100vw, 200px\" \/><\/p>\n<p>&nbsp;<\/p>\n<ol start=\"2\">\n<li><span style=\"font-size: 14pt\">Invista na sua pe\u00e7a desejo<\/span><\/li>\n<\/ol>\n<p><span style=\"font-size: 14pt\">Muita gente come\u00e7a o ano pensando em ser menos consumista, mas isso n\u00e3o significa abrir m\u00e3o de tudo. Esse comecinho de ano \u00e9 ideal pra voc\u00ea colocar as suas metas no papel e correr atr\u00e1s delas, incluindo aquele item fashion que est\u00e1 sua listinha h\u00e1 anos!<\/span><\/p>\n<p style=\"text-align: center\"><img loading=\"lazy\" decoding=\"async\" class=\"alignnone size-medium wp-image-131405\" src=\"https:\/\/diarioregionaldigital.com.br\/wp-content\/uploads\/2019\/01\/INVISTA-NA-SUA-PE\u00c7A-DESEJO-174x300.jpg\" alt=\"\" width=\"174\" height=\"300\" srcset=\"https:\/\/diarioregionaldigital.com.br\/wp-content\/uploads\/2019\/01\/INVISTA-NA-SUA-PE\u00c7A-DESEJO-174x300.jpg 174w, https:\/\/diarioregionaldigital.com.br\/wp-content\/uploads\/2019\/01\/INVISTA-NA-SUA-PE\u00c7A-DESEJO.jpg 333w\" sizes=\"auto, (max-width: 174px) 100vw, 174px\" \/><\/p>\n<p>&nbsp;<\/p>\n<ol start=\"3\">\n<li><span style=\"font-size: 14pt\">Fazer uma limpa no arm\u00e1rio<\/span><\/li>\n<\/ol>\n<p><span style=\"font-size: 14pt\">\u00c9 a hora de fazer a limpa no guarda-roupa: aquelas pe\u00e7as que n\u00e3o tem mais a ver com voc\u00ea, com seu estilo, que n\u00e3o te servem, que est\u00e3o completamente fora de moda! Por mais que a moda revisite o passado, as roupas ressurgem em novos tecidos, novas modelagens. Abra espa\u00e7o para que as pe\u00e7as que voc\u00ea realmente vai usar entrem e que as demais sejam vistas: isso tamb\u00e9m \u00e9 consumo consciente!<\/span><\/p>\n<p>&nbsp;<\/p>\n<ol start=\"4\">\n<li><span style=\"font-size: 14pt\">N\u00e3o seja uma v\u00edtima da moda<\/span><\/li>\n<\/ol>\n<p><span style=\"font-size: 14pt\">Dois mil e dezoito foi um ano cheio de tend\u00eancias super marcantes, e nem\u00a0 todas elas combinam com o nosso estilo, ent\u00e3o se voc\u00ea caiu nessa armadilha no \u00faltimo ano, ta a\u00ed uma boa promessa de moda: s\u00f3 investir nas tend\u00eancias que respeitem o seu estilo. \u00c9 melhor um look todo b\u00e1sico, do que pe\u00e7as que denunciem o seu desconforto com aquela produ\u00e7\u00e3o. Ser voc\u00ea mesma na moda \u00e9 a receita de sucesso para definir o seu estilo pessoal.<\/span><\/p>\n<p style=\"text-align: center\"><img loading=\"lazy\" decoding=\"async\" class=\"alignnone size-medium wp-image-131406\" src=\"https:\/\/diarioregionaldigital.com.br\/wp-content\/uploads\/2019\/01\/NAO-SEJA-UMA-VITIMA-DA-MODA-181x300.jpg\" alt=\"\" width=\"181\" height=\"300\" srcset=\"https:\/\/diarioregionaldigital.com.br\/wp-content\/uploads\/2019\/01\/NAO-SEJA-UMA-VITIMA-DA-MODA-181x300.jpg 181w, https:\/\/diarioregionaldigital.com.br\/wp-content\/uploads\/2019\/01\/NAO-SEJA-UMA-VITIMA-DA-MODA-360x596.jpg 360w, https:\/\/diarioregionaldigital.com.br\/wp-content\/uploads\/2019\/01\/NAO-SEJA-UMA-VITIMA-DA-MODA.jpg 600w\" sizes=\"auto, (max-width: 181px) 100vw, 181px\" \/><\/p>\n<p>&nbsp;<\/p>\n<p><span style=\"font-size: 14pt\"><strong>CLICK IN MODA<\/strong><\/span><\/p>\n<p><span style=\"font-size: 14pt\">No click da semana, Ana Paula Calixto usando as pe\u00e7as Luz de Maria, com a beleza assinada por Equipe Jael Pifano. O registro foi feito pelas lentes de Esther Tim\u00f3teo.<\/span><\/p>\n<p style=\"text-align: center\"><img loading=\"lazy\" decoding=\"async\" class=\"alignnone size-medium wp-image-131402\" src=\"https:\/\/diarioregionaldigital.com.br\/wp-content\/uploads\/2019\/01\/CLICK-IN-MODA.jpg\" alt=\"\" width=\"1\" height=\"1\" \/><img loading=\"lazy\" decoding=\"async\" class=\"alignnone size-medium wp-image-131427\" src=\"https:\/\/diarioregionaldigital.com.br\/wp-content\/uploads\/2019\/01\/CLICK-IN-MODA-1-201x300.png\" alt=\"\" width=\"201\" height=\"300\" srcset=\"https:\/\/diarioregionaldigital.com.br\/wp-content\/uploads\/2019\/01\/CLICK-IN-MODA-1-201x300.png 201w, https:\/\/diarioregionaldigital.com.br\/wp-content\/uploads\/2019\/01\/CLICK-IN-MODA-1-360x536.png 360w, https:\/\/diarioregionaldigital.com.br\/wp-content\/uploads\/2019\/01\/CLICK-IN-MODA-1.png 433w\" sizes=\"auto, (max-width: 201px) 100vw, 201px\" \/><\/p>\n<p>&nbsp;<\/p>\n<p><span style=\"font-size: 14pt\"><strong>FASHION NEWS<\/strong><\/span><\/p>\n<p><span style=\"font-size: 14pt\"><strong>Virgil Abloh: <\/strong>diretor de grandes marcas lan\u00e7a sua primeira linha de j\u00f3ias!<\/span><\/p>\n<p><span style=\"font-size: 14pt\">Diretor art\u00edstico da Louis Vuitton e criativo da Off White, Virgil Abloh vai lan\u00e7a sua linha de j\u00f3ias inspirada por um objeto do nosso cotidiano: o clipe de papel. As cria\u00e7\u00f5es est\u00e3o dispon\u00edveis para encomenda e contam com aplica\u00e7\u00f5es em diamantes com t\u00e9cnicas exclusivas.<\/span><\/p>\n<p style=\"text-align: center\"><img loading=\"lazy\" decoding=\"async\" class=\"alignnone size-medium wp-image-131403\" src=\"https:\/\/diarioregionaldigital.com.br\/wp-content\/uploads\/2019\/01\/FASHION-NEWS-300x300.jpg\" alt=\"\" width=\"300\" height=\"300\" srcset=\"https:\/\/diarioregionaldigital.com.br\/wp-content\/uploads\/2019\/01\/FASHION-NEWS-300x300.jpg 300w, https:\/\/diarioregionaldigital.com.br\/wp-content\/uploads\/2019\/01\/FASHION-NEWS-150x150.jpg 150w, https:\/\/diarioregionaldigital.com.br\/wp-content\/uploads\/2019\/01\/FASHION-NEWS-768x768.jpg 768w, https:\/\/diarioregionaldigital.com.br\/wp-content\/uploads\/2019\/01\/FASHION-NEWS-1024x1024.jpg 1024w, https:\/\/diarioregionaldigital.com.br\/wp-content\/uploads\/2019\/01\/FASHION-NEWS-180x180.jpg 180w, https:\/\/diarioregionaldigital.com.br\/wp-content\/uploads\/2019\/01\/FASHION-NEWS-600x600.jpg 600w, https:\/\/diarioregionaldigital.com.br\/wp-content\/uploads\/2019\/01\/FASHION-NEWS-120x120.jpg 120w, https:\/\/diarioregionaldigital.com.br\/wp-content\/uploads\/2019\/01\/FASHION-NEWS-360x360.jpg 360w, https:\/\/diarioregionaldigital.com.br\/wp-content\/uploads\/2019\/01\/FASHION-NEWS-80x80.jpg 80w, https:\/\/diarioregionaldigital.com.br\/wp-content\/uploads\/2019\/01\/FASHION-NEWS.jpg 1025w\" sizes=\"auto, (max-width: 300px) 100vw, 300px\" \/><\/p>\n<p><span style=\"font-size: 14pt\"><strong>HOR\u00d3SCOPO FASHION<\/strong><\/span><\/p>\n<p><span style=\"font-size: 14pt\">Janeiro \u00e9 o m\u00eas das capricornianas! Realistas, sens\u00edveis e tradicionais, as capricornianas \u00a0prezam pela qualidade e cortes perfeitos. Pe\u00e7as cl\u00e1ssicas e atemporais caem muito bem nesse signo, combina\u00e7\u00f5es P&amp;B s\u00e3o os queridinhos, pois praticidade \u00e9 a prioridade na hora de montar os looks do dia a dia. Pe\u00e7as de alfaiataria, como um bom blazer, por exemplo, s\u00e3o perfeitas para capric\u00f3rnio. Eleg\u00e2ncia e bom gosto s\u00e3o as palavra de ordem.<\/span><\/p>\n<p style=\"text-align: center\"><img loading=\"lazy\" decoding=\"async\" class=\"alignnone size-medium wp-image-131404\" src=\"https:\/\/diarioregionaldigital.com.br\/wp-content\/uploads\/2019\/01\/HOROSCOPO-FASHION-291x300.jpg\" alt=\"\" width=\"291\" height=\"300\" srcset=\"https:\/\/diarioregionaldigital.com.br\/wp-content\/uploads\/2019\/01\/HOROSCOPO-FASHION-291x300.jpg 291w, https:\/\/diarioregionaldigital.com.br\/wp-content\/uploads\/2019\/01\/HOROSCOPO-FASHION-768x793.jpg 768w, https:\/\/diarioregionaldigital.com.br\/wp-content\/uploads\/2019\/01\/HOROSCOPO-FASHION-360x372.jpg 360w, https:\/\/diarioregionaldigital.com.br\/wp-content\/uploads\/2019\/01\/HOROSCOPO-FASHION.jpg 775w\" sizes=\"auto, (max-width: 291px) 100vw, 291px\" \/><\/p>\n<p>&nbsp;<\/p>\n<p style=\"text-align: right\"><strong>Colaboradoras:<\/strong><\/p>\n<p style=\"text-align: right\">Deusiane Ladeira<\/p>\n<p style=\"text-align: right\">Izabella Assis<\/p>\n<p style=\"text-align: right\">Mariana Matos<\/p>\n","protected":false},"excerpt":{"rendered":"<p>RESOLU\u00c7\u00d5ES FASHION 2019 O ano come\u00e7ou e com ele sempre vem muitas resolu\u00e7\u00f5es novas! Aquela promessa de dieta, de viajar mais, de gastar menos&#8230;&#8230;. e por qu\u00ea n\u00e3o aproveitar que ainda estamos dando os primeiros passos em 2019 para fazer as \u201cresolu\u00e7\u00f5es fashion\u201d? Aquele objetivo de moda que voc\u00ea sempre deixa pra depois, pode sair [&hellip;]<\/p>\n","protected":false},"author":96,"featured_media":131401,"comment_status":"closed","ping_status":"closed","sticky":false,"template":"","format":"standard","meta":{"footnotes":""},"categories":[285],"tags":[],"class_list":["post-131425","post","type-post","status-publish","format-standard","has-post-thumbnail","hentry","category-moda-ana-paula-calixto"],"_links":{"self":[{"href":"https:\/\/diarioregionaldigital.com.br\/index.php?rest_route=\/wp\/v2\/posts\/131425","targetHints":{"allow":["GET"]}}],"collection":[{"href":"https:\/\/diarioregionaldigital.com.br\/index.php?rest_route=\/wp\/v2\/posts"}],"about":[{"href":"https:\/\/diarioregionaldigital.com.br\/index.php?rest_route=\/wp\/v2\/types\/post"}],"author":[{"embeddable":true,"href":"https:\/\/diarioregionaldigital.com.br\/index.php?rest_route=\/wp\/v2\/users\/96"}],"replies":[{"embeddable":true,"href":"https:\/\/diarioregionaldigital.com.br\/index.php?rest_route=%2Fwp%2Fv2%2Fcomments&post=131425"}],"version-history":[{"count":0,"href":"https:\/\/diarioregionaldigital.com.br\/index.php?rest_route=\/wp\/v2\/posts\/131425\/revisions"}],"wp:featuredmedia":[{"embeddable":true,"href":"https:\/\/diarioregionaldigital.com.br\/index.php?rest_route=\/wp\/v2\/media\/131401"}],"wp:attachment":[{"href":"https:\/\/diarioregionaldigital.com.br\/index.php?rest_route=%2Fwp%2Fv2%2Fmedia&parent=131425"}],"wp:term":[{"taxonomy":"category","embeddable":true,"href":"https:\/\/diarioregionaldigital.com.br\/index.php?rest_route=%2Fwp%2Fv2%2Fcategories&post=131425"},{"taxonomy":"post_tag","embeddable":true,"href":"https:\/\/diarioregionaldigital.com.br\/index.php?rest_route=%2Fwp%2Fv2%2Ftags&post=131425"}],"curies":[{"name":"wp","href":"https:\/\/api.w.org\/{rel}","templated":true}]}}