{"id":131371,"date":"2019-01-18T14:16:17","date_gmt":"2019-01-18T16:16:17","guid":{"rendered":"https:\/\/diarioregionaldigital.com.br\/?p=131371"},"modified":"2019-01-18T14:16:17","modified_gmt":"2019-01-18T16:16:17","slug":"aumenta-pela-primeira-vez-desde-2011-nota-maxima-na-redacao-do-enem","status":"publish","type":"post","link":"https:\/\/diarioregionaldigital.com.br\/?p=131371","title":{"rendered":"Aumenta pela primeira vez desde 2011 nota m\u00e1xima na reda\u00e7\u00e3o do Enem"},"content":{"rendered":"<p>O n\u00famero de participantes com a nota m\u00e1xima na reda\u00e7\u00e3o do Exame Nacional do Ensino M\u00e9dio (Enem) aumentou pela primeira vez desde 2011. Em 2018, ao todo, 55 estudantes obtiveram nota mil. Na outra ponta, o n\u00famero de reda\u00e7\u00f5es nota zero caiu para menos da metade de 2017.<\/p>\n<p>Em 2011, dos cerca de 4 milh\u00f5es de participantes do Enem, 3,7 mil tiraram a nota m\u00e1xima. Desde ent\u00e3o, apesar do aumento no n\u00famero de candidatos, o n\u00famero de reda\u00e7\u00f5es nota mil s\u00f3 caiu. Em 2017, apenas 53 dos mais de 4,7 milh\u00f5es de participantes alcan\u00e7aram a nota m\u00e1xima.<\/p>\n<p>Em 2018, segundo os dados divulgados hoje (18) pelo Instituto Nacional de Estudos e Pesquisas Educacionais An\u00edsio Teixeira (Inep), do total de 4,1 milh\u00f5es de reda\u00e7\u00f5es corrigidas, 55 obtiveram o m\u00e1ximo desempenho em todos os quesitos avaliados. O tema da edi\u00e7\u00e3o do ano passado foi\u00a0<em>Manipula\u00e7\u00e3o do comportamento do usu\u00e1rio pelo controle de dados na internet<\/em>.<\/p>\n<p>O n\u00famero de estudantes que zeraram a reda\u00e7\u00e3o caiu, passando de 309.157, em 2017, o que representou 6,54% do total de candidatos, para 112.559 em 2018, 2,73% do total de participantes.<\/p>\n<p>Em 2017, quando o tema da reda\u00e7\u00e3o foi\u00a0<em>Desafios para forma\u00e7\u00e3o educacional de surdos no Brasil<\/em>, o maior motivo para zerar a reda\u00e7\u00e3o foi fuga ao tema. J\u00e1 no ano passado, mais estudantes deixaram a prova em branco.<\/p>\n<p>Apesar dos resultados positivos nas notas m\u00e1ximas e m\u00ednimas, a m\u00e9dia de desempenho na reda\u00e7\u00e3o caiu em 2018 em rela\u00e7\u00e3o a 2017. A nota m\u00e9dia dos estudantes nessa prova em 2017 foi 558 pontos. Em 2018, foi 522,8 pontos.<\/p>\n<p>Os resultados do Enem foram divulgados nesta sexta-feira. Os estudantes podem acessar na<a href=\"https:\/\/enem.inep.gov.br\/participante\/#!\/inicial\">\u00a0P\u00e1gina do Participante<\/a>\u00a0e saber quanto obtiveram nas provas de linguagem, ci\u00eancias humanas, ci\u00eancias da natureza, matem\u00e1tica e reda\u00e7\u00e3o.<\/p>\n<p>Em m\u00e9dia, comparando com os resultados de 2017, os estudantes tiveram melhor desempenho em 2018 nas provas de linguagem, matem\u00e1tica e ci\u00eancias humanas. A profici\u00eancia m\u00e9dia passou de 510,2 pontos para 526,9pontos em linguagem; de 519,3 para 569,2 em ci\u00eancias humanas; e de 518,5 para 535,5 em matem\u00e1tica. Em ci\u00eancias da natureza o desempenho m\u00e9dio caiu de 510,6 para 493,8.<\/p>\n<p>No dia 18 de mar\u00e7o, o Inep divulgar\u00e1 o espelho da reda\u00e7\u00e3o, ou seja, detalhes da corre\u00e7\u00e3o dessa prova. Isso \u00e9 feito ap\u00f3s os processos seletivos dos programas federais. A corre\u00e7\u00e3o tem fun\u00e7\u00e3o apenas pedag\u00f3gica e n\u00e3o \u00e9 poss\u00edvel interpor recurso.<\/p>\n<p>&nbsp;<\/p>\n<p>Fonte: Ag\u00eancia Brasil<\/p>\n","protected":false},"excerpt":{"rendered":"<p>O n\u00famero de participantes com a nota m\u00e1xima na reda\u00e7\u00e3o do Exame Nacional do Ensino M\u00e9dio (Enem) aumentou pela primeira vez desde 2011. Em 2018, ao todo, 55 estudantes obtiveram nota mil. Na outra ponta, o n\u00famero de reda\u00e7\u00f5es nota zero caiu para menos da metade de 2017. Em 2011, dos cerca de 4 milh\u00f5es [&hellip;]<\/p>\n","protected":false},"author":96,"featured_media":131374,"comment_status":"closed","ping_status":"closed","sticky":false,"template":"","format":"standard","meta":{"footnotes":""},"categories":[302,436,262,439],"tags":[],"class_list":["post-131371","post","type-post","status-publish","format-standard","has-post-thumbnail","hentry","category-brasil-mundo","category-destaque-da-semana","category-noticias","category-ultima-hora"],"_links":{"self":[{"href":"https:\/\/diarioregionaldigital.com.br\/index.php?rest_route=\/wp\/v2\/posts\/131371","targetHints":{"allow":["GET"]}}],"collection":[{"href":"https:\/\/diarioregionaldigital.com.br\/index.php?rest_route=\/wp\/v2\/posts"}],"about":[{"href":"https:\/\/diarioregionaldigital.com.br\/index.php?rest_route=\/wp\/v2\/types\/post"}],"author":[{"embeddable":true,"href":"https:\/\/diarioregionaldigital.com.br\/index.php?rest_route=\/wp\/v2\/users\/96"}],"replies":[{"embeddable":true,"href":"https:\/\/diarioregionaldigital.com.br\/index.php?rest_route=%2Fwp%2Fv2%2Fcomments&post=131371"}],"version-history":[{"count":0,"href":"https:\/\/diarioregionaldigital.com.br\/index.php?rest_route=\/wp\/v2\/posts\/131371\/revisions"}],"wp:featuredmedia":[{"embeddable":true,"href":"https:\/\/diarioregionaldigital.com.br\/index.php?rest_route=\/wp\/v2\/media\/131374"}],"wp:attachment":[{"href":"https:\/\/diarioregionaldigital.com.br\/index.php?rest_route=%2Fwp%2Fv2%2Fmedia&parent=131371"}],"wp:term":[{"taxonomy":"category","embeddable":true,"href":"https:\/\/diarioregionaldigital.com.br\/index.php?rest_route=%2Fwp%2Fv2%2Fcategories&post=131371"},{"taxonomy":"post_tag","embeddable":true,"href":"https:\/\/diarioregionaldigital.com.br\/index.php?rest_route=%2Fwp%2Fv2%2Ftags&post=131371"}],"curies":[{"name":"wp","href":"https:\/\/api.w.org\/{rel}","templated":true}]}}