{"id":131365,"date":"2019-01-18T14:09:56","date_gmt":"2019-01-18T16:09:56","guid":{"rendered":"https:\/\/diarioregionaldigital.com.br\/?p=131365"},"modified":"2019-01-18T14:09:56","modified_gmt":"2019-01-18T16:09:56","slug":"mais-de-15-milhao-de-estudantes-ja-visualizaram-resultados-do-enem","status":"publish","type":"post","link":"https:\/\/diarioregionaldigital.com.br\/?p=131365","title":{"rendered":"Mais de 1,5 milh\u00e3o de estudantes j\u00e1 visualizaram resultados do Enem"},"content":{"rendered":"<p>Mais de 1,5 milh\u00e3o de estudantes visualizaram na manh\u00e3 desta sexta-feira, 18, os resultados do Exame Nacional do Ensino M\u00e9dio (Enem) 2018, segundo o Instituto Nacional de Estudos e Pesquisas Educacionais An\u00edsio Teixeira (Inep). Os resultados est\u00e3o dispon\u00edveis desde as 8h30, na internet, na\u00a0<a href=\"https:\/\/enem.inep.gov.br\/participante\/#!\/inicial\">P\u00e1gina do Participante<\/a>\u00a0e no aplicativo oficial do Enem. Os estudantes podem acessar o resultado individual em cada uma das provas: linguagens, ci\u00eancias humanas, ci\u00eancias da natureza, matem\u00e1tica e reda\u00e7\u00e3o.<\/p>\n<p>Para acessar as notas, \u00e9 preciso usar a senha criada na hora da inscri\u00e7\u00e3o. Caso o participante n\u00e3o se lembre da senha, basta clicar no campo Esqueci minha senha. O estudante dever\u00e1, ent\u00e3o, confirmar o e-mail cadastrado no sistema para receber uma senha tempor\u00e1ria. Quem esqueceu a senha e tamb\u00e9m n\u00e3o tem acesso ao e-mail cadastrado tem a op\u00e7\u00e3o de informar novos contatos para receber a senha tempor\u00e1ria.<\/p>\n<p>O Inep divulgar\u00e1 no dia 18 de mar\u00e7o o espelho da reda\u00e7\u00e3o, ou seja, detalhes da corre\u00e7\u00e3o dessa prova. Isso \u00e9 feito ap\u00f3s os processos seletivos dos programas federais. A corre\u00e7\u00e3o tem fun\u00e7\u00e3o apenas pedag\u00f3gica e n\u00e3o \u00e9 poss\u00edvel interpor recurso.<\/p>\n<p>A nota dos treineiros, aqueles que ainda n\u00e3o conclu\u00edram o ensino m\u00e9dio e fizeram a prova apenas para testar os conhecimentos, tamb\u00e9m ser\u00e1 divulgada no dia 18 de mar\u00e7o.<\/p>\n<p>O Enem foi aplicado nos dias 4 e 11 de novembro de 2018 a mais de 4,1 milh\u00f5es de estudantes em todo o pa\u00eds. Desde o dia 14 de novembro, est\u00e3o dispon\u00edveis as provas e os\u00a0<a href=\"http:\/\/agenciabrasil.ebc.com.br\/educacao\/noticia\/2018-11\/gabarito-do-enem-ja-esta-disponivel\">gabaritos oficiais<\/a>. Tamb\u00e9m est\u00e3o dispon\u00edveis v\u00eddeos com os enunciados e as op\u00e7\u00f5es de respostas da\u00a0<a href=\"http:\/\/agenciabrasil.ebc.com.br\/educacao\/noticia\/2018-12\/inep-divulga-provas-em-libras-do-enem\">videoprova na L\u00edngua Brasileira de Sinais (Libras)<\/a>.<\/p>\n<p>Fonte: Ag\u00eancia Brasil<\/p>\n","protected":false},"excerpt":{"rendered":"<p>Mais de 1,5 milh\u00e3o de estudantes visualizaram na manh\u00e3 desta sexta-feira, 18, os resultados do Exame Nacional do Ensino M\u00e9dio (Enem) 2018, segundo o Instituto Nacional de Estudos e Pesquisas Educacionais An\u00edsio Teixeira (Inep). Os resultados est\u00e3o dispon\u00edveis desde as 8h30, na internet, na\u00a0P\u00e1gina do Participante\u00a0e no aplicativo oficial do Enem. Os estudantes podem acessar [&hellip;]<\/p>\n","protected":false},"author":96,"featured_media":131366,"comment_status":"closed","ping_status":"closed","sticky":false,"template":"","format":"standard","meta":{"footnotes":""},"categories":[302,436,262,439],"tags":[],"class_list":["post-131365","post","type-post","status-publish","format-standard","has-post-thumbnail","hentry","category-brasil-mundo","category-destaque-da-semana","category-noticias","category-ultima-hora"],"_links":{"self":[{"href":"https:\/\/diarioregionaldigital.com.br\/index.php?rest_route=\/wp\/v2\/posts\/131365","targetHints":{"allow":["GET"]}}],"collection":[{"href":"https:\/\/diarioregionaldigital.com.br\/index.php?rest_route=\/wp\/v2\/posts"}],"about":[{"href":"https:\/\/diarioregionaldigital.com.br\/index.php?rest_route=\/wp\/v2\/types\/post"}],"author":[{"embeddable":true,"href":"https:\/\/diarioregionaldigital.com.br\/index.php?rest_route=\/wp\/v2\/users\/96"}],"replies":[{"embeddable":true,"href":"https:\/\/diarioregionaldigital.com.br\/index.php?rest_route=%2Fwp%2Fv2%2Fcomments&post=131365"}],"version-history":[{"count":0,"href":"https:\/\/diarioregionaldigital.com.br\/index.php?rest_route=\/wp\/v2\/posts\/131365\/revisions"}],"wp:featuredmedia":[{"embeddable":true,"href":"https:\/\/diarioregionaldigital.com.br\/index.php?rest_route=\/wp\/v2\/media\/131366"}],"wp:attachment":[{"href":"https:\/\/diarioregionaldigital.com.br\/index.php?rest_route=%2Fwp%2Fv2%2Fmedia&parent=131365"}],"wp:term":[{"taxonomy":"category","embeddable":true,"href":"https:\/\/diarioregionaldigital.com.br\/index.php?rest_route=%2Fwp%2Fv2%2Fcategories&post=131365"},{"taxonomy":"post_tag","embeddable":true,"href":"https:\/\/diarioregionaldigital.com.br\/index.php?rest_route=%2Fwp%2Fv2%2Ftags&post=131365"}],"curies":[{"name":"wp","href":"https:\/\/api.w.org\/{rel}","templated":true}]}}