{"id":131358,"date":"2019-01-18T14:01:44","date_gmt":"2019-01-18T16:01:44","guid":{"rendered":"https:\/\/diarioregionaldigital.com.br\/?p=131358"},"modified":"2019-01-18T14:01:44","modified_gmt":"2019-01-18T16:01:44","slug":"ufjf-divulga-resultado-do-programa-de-mobilidade-internacional-docente","status":"publish","type":"post","link":"https:\/\/diarioregionaldigital.com.br\/?p=131358","title":{"rendered":"UFJF divulga resultado do Programa de Mobilidade Internacional Docente"},"content":{"rendered":"<p>A Diretoria de Rela\u00e7\u00f5es Internacionais (DRI) da Universidade Federal de Juiz de Fora (UFJF), divulgou na tarde desta quinta-feira, 17, \u00a0o\u00a0<a href=\"http:\/\/www.ufjf.br\/internationaloffice\/editais\/outros\/\" target=\"_blank\" rel=\"noopener\">resultado parcial<\/a>\u00a0do processo seletivo para o preenchimento de cinco vagas destinadas ao Programa de Mobilidade Internacional Docente (Promid 2019), em colabora\u00e7\u00e3o com a Temple University, da Philadelphia, nos Estados Unidos (EUA).<\/p>\n<p>Os professores aprovados no processo de sele\u00e7\u00e3o ter\u00e3o sessenta dias, a partir da data de publica\u00e7\u00e3o do resultado final, para confirmar sua participa\u00e7\u00e3o no programa, sob pena de elimina\u00e7\u00e3o sum\u00e1ria.<\/p>\n<p>Os recursos relativos ao resultado parcial poder\u00e3o ser apresentados nesta quinta-feira, 17. O candidato dever\u00e1 apresentar justificativa que embase seu pedido pelo e-mail\u00a0<a href=\"mailto:promid@ufjf.edu.br\" target=\"_blank\" rel=\"noopener\">promid@ufjf.edu.br<\/a>.<\/p>\n<p>O resultado final, ap\u00f3s recursos, ser\u00e1 divulgado at\u00e9 as 18 horas do pr\u00f3ximo s\u00e1bado, 19.<\/p>\n<p><b>O programa<\/b><\/p>\n<p>O Promid tem por objetivo fomentar a internacionaliza\u00e7\u00e3o do curr\u00edculo da UFJF por meio do programa \u201cAcademic English Immersion Program\u201d, da Temple University. Foram selecionados cinco professores para receberem bolsa no valor de US$ 5 mil.<\/p>\n<p>Os docentes ter\u00e3o aulas de gram\u00e1tica, ingl\u00eas acad\u00eamico e participar\u00e3o de encontros com estudantes e outros docentes, para discutir quest\u00f5es relacionadas \u00e0 l\u00edngua inglesa. Em contrapartida, oferecer\u00e3o uma disciplina em l\u00edngua inglesa no Global July 2020 e, pelo menos, tr\u00eas disciplinas regulares na UFJF, a fim de promover a internacionaliza\u00e7\u00e3o do curr\u00edculo da institui\u00e7\u00e3o.<\/p>\n<p>O programa ter\u00e1 dura\u00e7\u00e3o de oito semanas, podendo ser cursado, a crit\u00e9rio do selecionado, em uma das seguintes datas: de 4 de mar\u00e7o a 27 de abril; de 29 de abril a 21 de junho; de 24 de junho a 16 de agosto; de 26 de agosto a 18 de outubro; ou de 21 de outubro a 13 de dezembro de 2019.<\/p>\n<p>&nbsp;<\/p>\n<p>Fonte: UFJF<\/p>\n","protected":false},"excerpt":{"rendered":"<p>A Diretoria de Rela\u00e7\u00f5es Internacionais (DRI) da Universidade Federal de Juiz de Fora (UFJF), divulgou na tarde desta quinta-feira, 17, \u00a0o\u00a0resultado parcial\u00a0do processo seletivo para o preenchimento de cinco vagas destinadas ao Programa de Mobilidade Internacional Docente (Promid 2019), em colabora\u00e7\u00e3o com a Temple University, da Philadelphia, nos Estados Unidos (EUA). Os professores aprovados no [&hellip;]<\/p>\n","protected":false},"author":96,"featured_media":131363,"comment_status":"closed","ping_status":"closed","sticky":false,"template":"","format":"standard","meta":{"footnotes":""},"categories":[253,436,262,439],"tags":[],"class_list":["post-131358","post","type-post","status-publish","format-standard","has-post-thumbnail","hentry","category-cidade","category-destaque-da-semana","category-noticias","category-ultima-hora"],"_links":{"self":[{"href":"https:\/\/diarioregionaldigital.com.br\/index.php?rest_route=\/wp\/v2\/posts\/131358","targetHints":{"allow":["GET"]}}],"collection":[{"href":"https:\/\/diarioregionaldigital.com.br\/index.php?rest_route=\/wp\/v2\/posts"}],"about":[{"href":"https:\/\/diarioregionaldigital.com.br\/index.php?rest_route=\/wp\/v2\/types\/post"}],"author":[{"embeddable":true,"href":"https:\/\/diarioregionaldigital.com.br\/index.php?rest_route=\/wp\/v2\/users\/96"}],"replies":[{"embeddable":true,"href":"https:\/\/diarioregionaldigital.com.br\/index.php?rest_route=%2Fwp%2Fv2%2Fcomments&post=131358"}],"version-history":[{"count":0,"href":"https:\/\/diarioregionaldigital.com.br\/index.php?rest_route=\/wp\/v2\/posts\/131358\/revisions"}],"wp:featuredmedia":[{"embeddable":true,"href":"https:\/\/diarioregionaldigital.com.br\/index.php?rest_route=\/wp\/v2\/media\/131363"}],"wp:attachment":[{"href":"https:\/\/diarioregionaldigital.com.br\/index.php?rest_route=%2Fwp%2Fv2%2Fmedia&parent=131358"}],"wp:term":[{"taxonomy":"category","embeddable":true,"href":"https:\/\/diarioregionaldigital.com.br\/index.php?rest_route=%2Fwp%2Fv2%2Fcategories&post=131358"},{"taxonomy":"post_tag","embeddable":true,"href":"https:\/\/diarioregionaldigital.com.br\/index.php?rest_route=%2Fwp%2Fv2%2Ftags&post=131358"}],"curies":[{"name":"wp","href":"https:\/\/api.w.org\/{rel}","templated":true}]}}