{"id":131357,"date":"2019-01-20T06:00:46","date_gmt":"2019-01-20T08:00:46","guid":{"rendered":"https:\/\/diarioregionaldigital.com.br\/?p=131357"},"modified":"2019-01-18T13:58:48","modified_gmt":"2019-01-18T15:58:48","slug":"mais-de-um-milhao-de-pessoas-sofrem-queimaduras-no-brasil-por-ano","status":"publish","type":"post","link":"https:\/\/diarioregionaldigital.com.br\/?p=131357","title":{"rendered":"Mais de um milh\u00e3o de pessoas sofrem queimaduras no Brasil por ano"},"content":{"rendered":"<p>As queimaduras s\u00e3o separadas em tr\u00eas tipos e classificadas de acordo com a causa. Podem ser classificadas como queimaduras t\u00e9rmicas, que s\u00e3o provocadas por fontes de calor como o fogo, l\u00edquidos ferventes, vapores, objetos quentes ou excesso de exposi\u00e7\u00e3o ao sol. Outro tipo s\u00e3o as qu\u00edmicas, sendo estas provocadas por subst\u00e2ncia qu\u00edmica em contato com a pele ou mesmo por meio das roupas. J\u00e1 as por eletricidade s\u00e3o provocadas por descargas el\u00e9tricas.<\/p>\n<p>Al\u00e9m do tipo, as queimaduras tamb\u00e9m s\u00e3o classificadas baseando na profundidade da les\u00e3o. Sendo classificadas de 1\u00ba grau as queimaduras que atingem apenas as camadas superficiais da pele e tem como sintomas vermelhid\u00e3o, incha\u00e7o e dor local suport\u00e1vel, sem a forma\u00e7\u00e3o de bolhas. J\u00e1 as de 2\u00ba grau s\u00e3o mais graves. Nesse grau de profundidade as queimaduras atingem as camadas mais profundas da pele, apresentando bolhas, pele avermelhada, manchada ou com colora\u00e7\u00e3o vari\u00e1vel, dor, incha\u00e7o, desprendimento de camadas da pele e poss\u00edvel estado de choque. Queimaduras de 3\u00ba grau s\u00e3o as mais graves, atingindo todas as camadas da pele e podem chegar aos ossos. Apresentam pouca ou nenhuma dor e a pele branca ou carbonizada.<\/p>\n<p>No Brasil, cerca de um milh\u00e3o de pessoas sofrem com queimaduras a cada ano. Segundo as informa\u00e7\u00f5es do Minist\u00e9rio da Sa\u00fade, as maiores v\u00edtimas s\u00e3o crian\u00e7as e pessoas de baixa renda. Entre o per\u00edodo de 2013 e 2014, o Sistema \u00danico de Sa\u00fade (SUS) registrou mais de 15 mil casos de interna\u00e7\u00f5es em crian\u00e7as de idade entre zero e 10 anos por queimadura.<\/p>\n<p>Uma pesquisa apresentada na Confer\u00eancia da Academia Americana de Pediatria (AAP) em 2018 aponta que sopa e macarr\u00e3o instant\u00e2neos, feitos pelas crian\u00e7as, no microondas, causam pelo menos duas de cada 10 queimaduras que as levam aos departamentos de emerg\u00eancia a cada ano. O estudo tamb\u00e9m mostra que essas queimaduras afetam mais de 9.500 crian\u00e7as anualmente, entre quatro e 12 anos. A idade de pico para les\u00f5es instant\u00e2neas causadas por derrames de sopa \u00e9 de sete anos. Os pesquisadores tamb\u00e9m descobriram que a \u00e1rea mais comumente queimada do corpo era o torso da crian\u00e7a, compreendendo 40% das les\u00f5es. Cerca de 57% das crian\u00e7as queimadas eram do sexo feminino. Para constru\u00e7\u00e3o da pesquisa, pesquisadores utilizaram dados do Sistema Nacional de Vigil\u00e2ncia de Les\u00f5es Eletr\u00f4nicas, entre 2006 e 2016, para identificar pacientes pedi\u00e1tricos cujas queimaduras foram causadas por \u201csopa instant\u00e2nea\u201d, \u201cmacarr\u00e3o instant\u00e2neo\u201d, \u201cx\u00edcara de sopa\u201d ou \u201c\u00e1gua para fazer sopa instant\u00e2nea\u201d.<\/p>\n<div id=\"attachment_131360\" style=\"width: 622px\" class=\"wp-caption aligncenter\"><img loading=\"lazy\" decoding=\"async\" aria-describedby=\"caption-attachment-131360\" class=\" wp-image-131360\" src=\"https:\/\/diarioregionaldigital.com.br\/wp-content\/uploads\/2019\/01\/REPRODU\u00c7\u00c3O-INTERNET-2-300x169.jpg\" alt=\"\" width=\"612\" height=\"345\" srcset=\"https:\/\/diarioregionaldigital.com.br\/wp-content\/uploads\/2019\/01\/REPRODU\u00c7\u00c3O-INTERNET-2-300x169.jpg 300w, https:\/\/diarioregionaldigital.com.br\/wp-content\/uploads\/2019\/01\/REPRODU\u00c7\u00c3O-INTERNET-2-768x432.jpg 768w, https:\/\/diarioregionaldigital.com.br\/wp-content\/uploads\/2019\/01\/REPRODU\u00c7\u00c3O-INTERNET-2.jpg 1024w, https:\/\/diarioregionaldigital.com.br\/wp-content\/uploads\/2019\/01\/REPRODU\u00c7\u00c3O-INTERNET-2-360x203.jpg 360w\" sizes=\"auto, (max-width: 612px) 100vw, 612px\" \/><p id=\"caption-attachment-131360\" class=\"wp-caption-text\">Uma pesquisa apresentada na Confer\u00eancia da Academia Americana de Pediatria (AAP) em 2018 aponta que sopa e macarr\u00e3o instant\u00e2neos, feitos pelas crian\u00e7as, no microondas, causam pelo menos duas de cada 10 queimaduras que as levam aos departamentos de emerg\u00eancia a cada ano. Foto: Ilustrativa<\/p><\/div>\n<p>No caso das crian\u00e7as, se a queimadura atingir 10% do corpo, h\u00e1 risco de morte. J\u00e1 em adultos, o risco existe se a \u00e1rea atingida for superior a 15%. Centros de tratamento especializado para esse tipo de les\u00e3o est\u00e3o espalhados pelo Pa\u00eds.<\/p>\n<p>Apesar de ser um acidente recorrente em todo o pa\u00eds e com n\u00fameros altos, muitas cidades brasileiras n\u00e3o possuem Centro de Tratamento de Queimaduras (CTQ). Juiz de Fora \u00e9 uma delas. No munic\u00edpio, os pacientes do SUS que sofrem queimaduras s\u00e3o atendidos nos hospitais p\u00fablicos normalmente, mas sem a aten\u00e7\u00e3o de uma ala especializada em queimados. De acordo com o secret\u00e1rio adjunto de sa\u00fade, M\u00e1rcio Itaboray, os casos graves precisam ser transferidos para Belo Horizonte. &#8220;Pelo SUS s\u00e3o levados para os nossos hospitais de refer\u00eancia dependendo do grau da queimadura. Como n\u00e3o temos Centro de Tratamento de Queimaduras em Juiz de Fora, em casos mais graves os pacientes s\u00e3o transferidos para Belo Horizonte&#8221;, explica. Itaboray ainda pontua que Juiz de Fora n\u00e3o recebe um alto \u00edndice que queimaduras consideradas do tipo grave. &#8220;Nossos profissionais prestam muito bem o servi\u00e7o, mas seria \u00f3timo se tiv\u00e9ssemos um CTQ em Juiz de Fora, mesmo n\u00e3o tendo um alto n\u00famero de queimaduras graves&#8221;, comenta.<\/p>\n<p>PRIMEIROS SOCORROS<\/p>\n<p>Em casos de les\u00f5es de menor gravidade em pequenas por\u00e7\u00f5es do corpo, alguns cuidados s\u00e3o recomendados.<\/p>\n<ul>\n<li>colocar a parte queimada debaixo da \u00e1gua corrente fria, com jato suave, por, aproximadamente, dez minutos. Tamb\u00e9m \u00e9 indicado usar compressas \u00famidas e frias. Se houver poeira ou insetos no local, deve-se manter a queimadura coberta com pano limpo e \u00famido.<\/li>\n<li>nunca se deve tocar na queimadura com as m\u00e3os, furar as bolhas, descolar tecidos grudados na pele queimada ou retirar corpos estranhos ou graxa do local queimado.<\/li>\n<li>outra orienta\u00e7\u00e3o \u00e9 n\u00e3o aplicar manteiga, p\u00f3 de caf\u00e9, creme dental ou qualquer outra subst\u00e2ncia sobre a queimadura.<\/li>\n<li>a maior orienta\u00e7\u00e3o \u00e9 consultar um m\u00e9dico para saber quais medicamentos devem ser aplicados sobre o local afetado e qual o tratamento mais adequado.<\/li>\n<\/ul>\n","protected":false},"excerpt":{"rendered":"<p>As queimaduras s\u00e3o separadas em tr\u00eas tipos e classificadas de acordo com a causa. Podem ser classificadas como queimaduras t\u00e9rmicas, que s\u00e3o provocadas por fontes de calor como o fogo, l\u00edquidos ferventes, vapores, objetos quentes ou excesso de exposi\u00e7\u00e3o ao sol. Outro tipo s\u00e3o as qu\u00edmicas, sendo estas provocadas por subst\u00e2ncia qu\u00edmica em contato com [&hellip;]<\/p>\n","protected":false},"author":96,"featured_media":131359,"comment_status":"closed","ping_status":"closed","sticky":false,"template":"","format":"standard","meta":{"footnotes":""},"categories":[253,436,440,439],"tags":[],"class_list":["post-131357","post","type-post","status-publish","format-standard","has-post-thumbnail","hentry","category-cidade","category-destaque-da-semana","category-destaques-do-dia","category-ultima-hora"],"_links":{"self":[{"href":"https:\/\/diarioregionaldigital.com.br\/index.php?rest_route=\/wp\/v2\/posts\/131357","targetHints":{"allow":["GET"]}}],"collection":[{"href":"https:\/\/diarioregionaldigital.com.br\/index.php?rest_route=\/wp\/v2\/posts"}],"about":[{"href":"https:\/\/diarioregionaldigital.com.br\/index.php?rest_route=\/wp\/v2\/types\/post"}],"author":[{"embeddable":true,"href":"https:\/\/diarioregionaldigital.com.br\/index.php?rest_route=\/wp\/v2\/users\/96"}],"replies":[{"embeddable":true,"href":"https:\/\/diarioregionaldigital.com.br\/index.php?rest_route=%2Fwp%2Fv2%2Fcomments&post=131357"}],"version-history":[{"count":0,"href":"https:\/\/diarioregionaldigital.com.br\/index.php?rest_route=\/wp\/v2\/posts\/131357\/revisions"}],"wp:featuredmedia":[{"embeddable":true,"href":"https:\/\/diarioregionaldigital.com.br\/index.php?rest_route=\/wp\/v2\/media\/131359"}],"wp:attachment":[{"href":"https:\/\/diarioregionaldigital.com.br\/index.php?rest_route=%2Fwp%2Fv2%2Fmedia&parent=131357"}],"wp:term":[{"taxonomy":"category","embeddable":true,"href":"https:\/\/diarioregionaldigital.com.br\/index.php?rest_route=%2Fwp%2Fv2%2Fcategories&post=131357"},{"taxonomy":"post_tag","embeddable":true,"href":"https:\/\/diarioregionaldigital.com.br\/index.php?rest_route=%2Fwp%2Fv2%2Ftags&post=131357"}],"curies":[{"name":"wp","href":"https:\/\/api.w.org\/{rel}","templated":true}]}}