{"id":131351,"date":"2019-01-21T09:04:34","date_gmt":"2019-01-21T11:04:34","guid":{"rendered":"https:\/\/diarioregionaldigital.com.br\/?p=131351"},"modified":"2019-01-21T09:07:10","modified_gmt":"2019-01-21T11:07:10","slug":"apae-sofre-com-falta-de-repasses-de-verbas-para-manter-a-instituicao","status":"publish","type":"post","link":"https:\/\/diarioregionaldigital.com.br\/?p=131351","title":{"rendered":"Apae sofre com falta de repasses de verbas para manter a institui\u00e7\u00e3o"},"content":{"rendered":"<p>Desde 2017 a Associa\u00e7\u00e3o de Pais e Amigos dos Excepcionais (Apae) de Juiz de Fora vem sofrendo com a falta de repasse das verbas estaduais destinados \u00e0 entidade. A d\u00edvida do Governo de Minas Gerais com a Institui\u00e7\u00e3o \u00e9 de cerca de 70 mil reais.<\/p>\n<p>Toda essa falta de pagamento dessas verbas vem implicando no funcionamento da Associa\u00e7\u00e3o. Helena Maria Milagres Belo, Interventora da Apae, explica que a institui\u00e7\u00e3o recebe do Governo do Estado um incentivo de pouco mais de 4 mil reais. \u201cA Apae de Juiz de Fora \u00e9 SERDI1 \u2013 Servi\u00e7os Especializados em Reabilita\u00e7\u00e3o da Defici\u00eancia Intelectual \u2013na sa\u00fade e recebemos uma verba do Governo Federal e do Estadual. S\u00f3 que esse incentivo est\u00e1 atrasado por parte do Estado e n\u00e3o s\u00f3 em Juiz de Fora, mas em outras institui\u00e7\u00f5es de estado\u201d, disse.De acordo com Helena, n\u00e3o h\u00e1 previs\u00e3o para que seja feita a regulariza\u00e7\u00e3o desses d\u00e9bitos. \u201cA gente presta o servi\u00e7o, mas o dinheiro foi repassado pela \u00faltima vez em novembro de 2017\u201d, comenta.<\/p>\n<p>Segundo Helena, a Apae opera hoje com um d\u00e9ficit de 35 mil reais. Para reverter o quadro atual, a Associa\u00e7\u00e3o conta com o apoio da popula\u00e7\u00e3o para arrecadar fundos e aumentar a Receita.\u201cLan\u00e7amos um programa de arrecada\u00e7\u00e3o atrav\u00e9s de doa\u00e7\u00e3o na conta de luz e tem dado resultado, mas ainda \u00e9 algo bastante \u2018t\u00edmido\u2019 diante da necessidade que a gente tem\u201d, disse.<\/p>\n<div id=\"attachment_131355\" style=\"width: 1034px\" class=\"wp-caption aligncenter\"><img loading=\"lazy\" decoding=\"async\" aria-describedby=\"caption-attachment-131355\" class=\"wp-image-131355 size-large\" src=\"https:\/\/diarioregionaldigital.com.br\/wp-content\/uploads\/2019\/01\/RAFAELA-FRUTUOSO-usar-essa-2-3-1-1024x683.jpg\" alt=\"\" width=\"1024\" height=\"683\" srcset=\"https:\/\/diarioregionaldigital.com.br\/wp-content\/uploads\/2019\/01\/RAFAELA-FRUTUOSO-usar-essa-2-3-1-1024x683.jpg 1024w, https:\/\/diarioregionaldigital.com.br\/wp-content\/uploads\/2019\/01\/RAFAELA-FRUTUOSO-usar-essa-2-3-1-300x200.jpg 300w, https:\/\/diarioregionaldigital.com.br\/wp-content\/uploads\/2019\/01\/RAFAELA-FRUTUOSO-usar-essa-2-3-1-768x512.jpg 768w, https:\/\/diarioregionaldigital.com.br\/wp-content\/uploads\/2019\/01\/RAFAELA-FRUTUOSO-usar-essa-2-3-1-360x240.jpg 360w\" sizes=\"auto, (max-width: 1024px) 100vw, 1024px\" \/><p id=\"caption-attachment-131355\" class=\"wp-caption-text\">Foto: Rafaela Frutuoso<\/p><\/div>\n<p>O vereador Marlon Siqueira (PMDB)destinou uma emenda parlamentar para a Apae, mas que ainda precisa ainda ser paga pelo Executivo. \u201cFoi destinada em 2017 para ser paga em 2018. Acredito que a desidrata\u00e7\u00e3o econ\u00f4mica pela qual as prefeituras est\u00e3o passando tenha impedido o pagamento dessa emenda\u201d, disse. Pouco antes do \u00faltimo feriado de Natal, o vereador se reuniu com a dire\u00e7\u00e3o da Associa\u00e7\u00e3o para conversar sobre os problemas. No \u00faltimo dia 10, Siqueira, acompanhado do prefeito de Juiz de Fora, Ant\u00f4nio Almas (PSDB), se reuniram com a dire\u00e7\u00e3o da Apae para discutir sobre a atual situa\u00e7\u00e3o e buscarem, juntos, uma solu\u00e7\u00e3o.\u201cVamos ver algumas necessidades proeminentes da institui\u00e7\u00e3o para que possa ser reavaliado um aux\u00edlio, alguns gastos deles que a gente possa equacionar mediante o apoio do Executivo. Obviamente sabemos das dificuldades diante das d\u00edvidas do Estado com o Munic\u00edpio, mas esperamos ser criativos na conversa para poder colaborar com a institui\u00e7\u00e3o\u201d, explicou.<\/p>\n<p>Para as pessoas que estiverem interessadas em ajudar a Apae podem fazer dep\u00f3sitos atrav\u00e9s da conta banc\u00e1ria da Associa\u00e7\u00e3o, basta fazer contato no telefone (32) 3224-3065, ou indo diretamente a sede na Rua Cust\u00f3dio Trist\u00e3o, 2, bairro Santa Terezinha.Helena Belo faz um apelo \u00e0 popula\u00e7\u00e3o. \u201cQue a sociedade de Juiz de Fora v\u00e1 conhecer a Apae. Eu percebo que a Associa\u00e7\u00e3o n\u00e3o \u00e9 t\u00e3o reconhecida e, \u00e0s vezes, as pessoas visitando, estando l\u00e1 e vendo o bem que a Apae faz para as fam\u00edlias e para os assistidos, toca o cora\u00e7\u00e3o. N\u00e3o precisa doar muito, \u00e9 o que voc\u00ea puder e no final a gente soma o valor e vai dar pra gente pagar uma conta\u201d, conclui.<\/p>\n","protected":false},"excerpt":{"rendered":"<p>Desde 2017 a Associa\u00e7\u00e3o de Pais e Amigos dos Excepcionais (Apae) de Juiz de Fora vem sofrendo com a falta de repasse das verbas estaduais destinados \u00e0 entidade. A d\u00edvida do Governo de Minas Gerais com a Institui\u00e7\u00e3o \u00e9 de cerca de 70 mil reais. Toda essa falta de pagamento dessas verbas vem implicando no [&hellip;]<\/p>\n","protected":false},"author":96,"featured_media":131353,"comment_status":"closed","ping_status":"closed","sticky":false,"template":"","format":"standard","meta":{"footnotes":""},"categories":[253,436,440,439],"tags":[],"class_list":["post-131351","post","type-post","status-publish","format-standard","has-post-thumbnail","hentry","category-cidade","category-destaque-da-semana","category-destaques-do-dia","category-ultima-hora"],"_links":{"self":[{"href":"https:\/\/diarioregionaldigital.com.br\/index.php?rest_route=\/wp\/v2\/posts\/131351","targetHints":{"allow":["GET"]}}],"collection":[{"href":"https:\/\/diarioregionaldigital.com.br\/index.php?rest_route=\/wp\/v2\/posts"}],"about":[{"href":"https:\/\/diarioregionaldigital.com.br\/index.php?rest_route=\/wp\/v2\/types\/post"}],"author":[{"embeddable":true,"href":"https:\/\/diarioregionaldigital.com.br\/index.php?rest_route=\/wp\/v2\/users\/96"}],"replies":[{"embeddable":true,"href":"https:\/\/diarioregionaldigital.com.br\/index.php?rest_route=%2Fwp%2Fv2%2Fcomments&post=131351"}],"version-history":[{"count":0,"href":"https:\/\/diarioregionaldigital.com.br\/index.php?rest_route=\/wp\/v2\/posts\/131351\/revisions"}],"wp:featuredmedia":[{"embeddable":true,"href":"https:\/\/diarioregionaldigital.com.br\/index.php?rest_route=\/wp\/v2\/media\/131353"}],"wp:attachment":[{"href":"https:\/\/diarioregionaldigital.com.br\/index.php?rest_route=%2Fwp%2Fv2%2Fmedia&parent=131351"}],"wp:term":[{"taxonomy":"category","embeddable":true,"href":"https:\/\/diarioregionaldigital.com.br\/index.php?rest_route=%2Fwp%2Fv2%2Fcategories&post=131351"},{"taxonomy":"post_tag","embeddable":true,"href":"https:\/\/diarioregionaldigital.com.br\/index.php?rest_route=%2Fwp%2Fv2%2Ftags&post=131351"}],"curies":[{"name":"wp","href":"https:\/\/api.w.org\/{rel}","templated":true}]}}