{"id":131343,"date":"2019-01-20T06:00:01","date_gmt":"2019-01-20T08:00:01","guid":{"rendered":"https:\/\/diarioregionaldigital.com.br\/?p=131343"},"modified":"2019-03-21T15:01:51","modified_gmt":"2019-03-21T18:01:51","slug":"dicas-especiais-para-escapar-da-folia-no-brasil","status":"publish","type":"post","link":"https:\/\/diarioregionaldigital.com.br\/?p=131343","title":{"rendered":"Dicas especiais para escapar da folia no Brasil"},"content":{"rendered":"<p>BUENOS AIRES \u2013 se a ideia \u00e9 escapar da folia Brazuca, vale a pena apostar na terra dos hermanos \u2013 para quem quer curtir o Carnaval ao som de muito tango n\u00e3o h\u00e1 lugar melhor do que Buenos Aires, a capital argentina que est\u00e1 entre as preferidas dos viajantes interessados em fugir um pouco que seja da tradicional folia verde e amarela.<\/p>\n<p>Reunindo atra\u00e7\u00f5es hist\u00f3ricas, gastron\u00f4micas e culturais, al\u00e9m de visitar os pontos tur\u00edsticos espalhados por seu Microcentro a dica \u00e9 explorar as peculiaridades de cada uma de suas regi\u00f5es, representadas pela diversidade de Palermo, pelo agito de Puerto Madero, pelas lojinhas de San Telmo, pelo charme da luxuosa Recoleta e, claro, pela famosa rua Caminito, situada no bairro La Boca.<\/p>\n<p>Agora, se o passageiro n\u00e3o abre m\u00e3o de prestigiar a festa mais popular do mundo, sem problemas, porque a capital portenha tem a sua pr\u00f3pria celebra\u00e7\u00e3o carnavalesca, menos badalada do que a do Brasil, \u00e9 verdade, mas tamb\u00e9m marcada por desfiles (chamados de \u201cmurgas\u201d), que tomam conta das ruas da cidade.<\/p>\n<p>SANTIAGO \u2013 o destino \u00e9 feito sob medida para os viajantes que querem pular o carnaval bem longe da farra. Caminhadas ao ar livre, atrativos hist\u00f3rico-culturais, excelente gastronomia, vida noturna animada e divers\u00e3o sem limites para todas as idades: se essa for a defini\u00e7\u00e3o perfeita de Carnaval para o turista, definitivamente o destino indicado para ele \u00e9 Santiago, a capital chilena que re\u00fane de tudo um pouco e, de quebra, surge como uma excelente op\u00e7\u00e3o para quem prefere escapar da folia brasileira.<\/p>\n<div id=\"attachment_131347\" style=\"width: 630px\" class=\"wp-caption aligncenter\"><img loading=\"lazy\" decoding=\"async\" aria-describedby=\"caption-attachment-131347\" class=\" wp-image-131347\" src=\"https:\/\/diarioregionaldigital.com.br\/wp-content\/uploads\/2019\/01\/foto-02-1-300x225.jpg\" alt=\"\" width=\"620\" height=\"465\" srcset=\"https:\/\/diarioregionaldigital.com.br\/wp-content\/uploads\/2019\/01\/foto-02-1-300x225.jpg 300w, https:\/\/diarioregionaldigital.com.br\/wp-content\/uploads\/2019\/01\/foto-02-1-768x576.jpg 768w, https:\/\/diarioregionaldigital.com.br\/wp-content\/uploads\/2019\/01\/foto-02-1-1024x768.jpg 1024w, https:\/\/diarioregionaldigital.com.br\/wp-content\/uploads\/2019\/01\/foto-02-1-360x270.jpg 360w, https:\/\/diarioregionaldigital.com.br\/wp-content\/uploads\/2019\/01\/foto-02-1.jpg 1600w\" sizes=\"auto, (max-width: 620px) 100vw, 620px\" \/><p id=\"caption-attachment-131347\" class=\"wp-caption-text\">Em Santiago o viajante poder\u00e1 fazer caminhadas ao ar livre, al\u00e9m de conhecer os atrativos hist\u00f3rico-culturais e a excelente gastronomia. Foto: Divulga\u00e7\u00e3o<\/p><\/div>\n<p>Concentrando na regi\u00e3o do centro hist\u00f3rico grande parte de seus cart\u00f5es-postais, basta uma r\u00e1pida caminhada pelos arredores para conhecer alguns dos principais, como a Plaza de Armas, a Catedral Metropolitana de Santiago, o Mercado Centro e o Museu Nacional de Belas Artes.<\/p>\n<p>Al\u00e9m dessas, o roteiro pode ser complementado com mais uma por\u00e7\u00e3o de atra\u00e7\u00f5es imperd\u00edveis, tais como uma visita \u00e0 casa-museu La Chascona, que serviu de morada para o poeta Pablo Neruda (ganhador do Pr\u00eamio Nobel de Literatura), e um passeio at\u00e9 Cerro Santa Luc\u00eda, ref\u00fagio natural cujo mirante apresenta uma vista panor\u00e2mica da cidade, coroada pela beleza sem fim da Cordilheira dos Andes.<\/p>\n<p>MONTEVID\u00c9U \u2013 a cidade sul-americana \u00e9 um convite irrecus\u00e1vel para curtir o feriad\u00e3o com ou sem folia. Esbanjando belezas naturais e urbanas, Montevid\u00e9u oferece aos seus visitantes uma estada para descanso e, tamb\u00e9m para uma s\u00e9rie de atividades, muitas das quais reunidas em um de seus principais destinos: a regi\u00e3o da Cidade Velha. Entre os atrativos encontrados por ali est\u00e3o, por exemplo, a hist\u00f3rica Pra\u00e7a Independ\u00eancia, o monumental Pal\u00e1cio Salvo, o majestoso Teatro Sol\u00eds e diversas lojas, bares e restaurantes feitos sob medida para os turistas que querem ir com calma enquanto a folia de Carnaval rola solta no Brasil.<\/p>\n<div id=\"attachment_131348\" style=\"width: 616px\" class=\"wp-caption aligncenter\"><img loading=\"lazy\" decoding=\"async\" aria-describedby=\"caption-attachment-131348\" class=\" wp-image-131348\" src=\"https:\/\/diarioregionaldigital.com.br\/wp-content\/uploads\/2019\/01\/foto-03-1-300x193.jpg\" alt=\"\" width=\"606\" height=\"390\" srcset=\"https:\/\/diarioregionaldigital.com.br\/wp-content\/uploads\/2019\/01\/foto-03-1-300x193.jpg 300w, https:\/\/diarioregionaldigital.com.br\/wp-content\/uploads\/2019\/01\/foto-03-1-768x495.jpg 768w, https:\/\/diarioregionaldigital.com.br\/wp-content\/uploads\/2019\/01\/foto-03-1-1024x659.jpg 1024w, https:\/\/diarioregionaldigital.com.br\/wp-content\/uploads\/2019\/01\/foto-03-1-360x232.jpg 360w, https:\/\/diarioregionaldigital.com.br\/wp-content\/uploads\/2019\/01\/foto-03-1.jpg 1500w\" sizes=\"auto, (max-width: 606px) 100vw, 606px\" \/><p id=\"caption-attachment-131348\" class=\"wp-caption-text\">Montevid\u00e9u \u00e9 a cidade sul-americana com um convite irrecus\u00e1vel para curtir o feriad\u00e3o com ou sem folia. Foto: Divulga\u00e7\u00e3o<\/p><\/div>\n<p>Contudo, se no meio da viagem bater saudade dos bloquinhos e das tradicionais festas de rua, \u00f3timo! Montevid\u00e9u \u00e9 detentora do t\u00edtulo de Carnaval mais longo do mundo e quem a visita tem a chance de curtir uma animada programa\u00e7\u00e3o carnavalesca, composta por desfiles pelas vias da cidade (conhecidos tamb\u00e9m como \u201ccorsos barriales\u201d) e pelas tradicionais Llamadas, festa popular que celebra as influ\u00eancias africanas, como \u00e9 o caso do Candombl\u00e9, por meio de uma parada ao som de tambores, fantasias e muita alegria.<\/p>\n<p>CARTAGENA (Col\u00f4mbia) \u2013 o lugar certeiro para um carnaval \u00e0 base de sombra e \u00e1gua fresca. Cartagena das \u00cdndias ou simplesmente Cartagena para os mais \u00edntimos, tombada pela Unesco como Patrim\u00f4nio Hist\u00f3rico da Humanidade, banhada pelas \u00e1guas do Caribe e um destaque e tanto quando se trata da combina\u00e7\u00e3o infal\u00edvel entre faixa de areia, sol brilhante e mar convidativo.<\/p>\n<p>Detentora de paisagens naturais que t\u00eam o dom de fazer bater forte o cora\u00e7\u00e3o, a cidade colombiana guarda ainda muitos outros tesouros, reservados aos viajantes que desejam aproveitar a folga de Carnaval para recarregarem as energias.<\/p>\n<div id=\"attachment_131349\" style=\"width: 624px\" class=\"wp-caption aligncenter\"><img loading=\"lazy\" decoding=\"async\" aria-describedby=\"caption-attachment-131349\" class=\" wp-image-131349\" src=\"https:\/\/diarioregionaldigital.com.br\/wp-content\/uploads\/2019\/01\/foto-04-300x200.jpg\" alt=\"\" width=\"614\" height=\"409\" srcset=\"https:\/\/diarioregionaldigital.com.br\/wp-content\/uploads\/2019\/01\/foto-04-300x200.jpg 300w, https:\/\/diarioregionaldigital.com.br\/wp-content\/uploads\/2019\/01\/foto-04-360x240.jpg 360w, https:\/\/diarioregionaldigital.com.br\/wp-content\/uploads\/2019\/01\/foto-04.jpg 602w\" sizes=\"auto, (max-width: 614px) 100vw, 614px\" \/><p id=\"caption-attachment-131349\" class=\"wp-caption-text\">Cartagena na Col\u00f4mbia \u00e9 o lugar certeiro para um carnaval \u00e0 base de sombra e \u00e1gua fresca. Foto: Divulga\u00e7\u00e3o<\/p><\/div>\n<p>Embora a possibilidade de ficar de pernas para o ar \u00e0 beira-mar seja tentadora, \u00e9 sempre v\u00e1lido incluir no roteiro uma voltinha pela regi\u00e3o da Cidade Amuralhada, que corresponde ao centro antigo do destino (cercado por uma muralha, como o nome j\u00e1 indica) e a uma cole\u00e7\u00e3o de monumentos hist\u00f3ricos e casar\u00f5es coloniais, tidos como chamarizes para os olhos e, \u00e9 claro, para as lentes das c\u00e2meras.<\/p>\n","protected":false},"excerpt":{"rendered":"<p>BUENOS AIRES \u2013 se a ideia \u00e9 escapar da folia Brazuca, vale a pena apostar na terra dos hermanos \u2013 para quem quer curtir o Carnaval ao som de muito tango n\u00e3o h\u00e1 lugar melhor do que Buenos Aires, a capital argentina que est\u00e1 entre as preferidas dos viajantes interessados em fugir um pouco que [&hellip;]<\/p>\n","protected":false},"author":96,"featured_media":131345,"comment_status":"closed","ping_status":"closed","sticky":false,"template":"","format":"standard","meta":{"footnotes":""},"categories":[435,284,439],"tags":[],"class_list":["post-131343","post","type-post","status-publish","format-standard","has-post-thumbnail","hentry","category-colunas","category-turismo-rosa-oliveira","category-ultima-hora"],"_links":{"self":[{"href":"https:\/\/diarioregionaldigital.com.br\/index.php?rest_route=\/wp\/v2\/posts\/131343","targetHints":{"allow":["GET"]}}],"collection":[{"href":"https:\/\/diarioregionaldigital.com.br\/index.php?rest_route=\/wp\/v2\/posts"}],"about":[{"href":"https:\/\/diarioregionaldigital.com.br\/index.php?rest_route=\/wp\/v2\/types\/post"}],"author":[{"embeddable":true,"href":"https:\/\/diarioregionaldigital.com.br\/index.php?rest_route=\/wp\/v2\/users\/96"}],"replies":[{"embeddable":true,"href":"https:\/\/diarioregionaldigital.com.br\/index.php?rest_route=%2Fwp%2Fv2%2Fcomments&post=131343"}],"version-history":[{"count":0,"href":"https:\/\/diarioregionaldigital.com.br\/index.php?rest_route=\/wp\/v2\/posts\/131343\/revisions"}],"wp:featuredmedia":[{"embeddable":true,"href":"https:\/\/diarioregionaldigital.com.br\/index.php?rest_route=\/wp\/v2\/media\/131345"}],"wp:attachment":[{"href":"https:\/\/diarioregionaldigital.com.br\/index.php?rest_route=%2Fwp%2Fv2%2Fmedia&parent=131343"}],"wp:term":[{"taxonomy":"category","embeddable":true,"href":"https:\/\/diarioregionaldigital.com.br\/index.php?rest_route=%2Fwp%2Fv2%2Fcategories&post=131343"},{"taxonomy":"post_tag","embeddable":true,"href":"https:\/\/diarioregionaldigital.com.br\/index.php?rest_route=%2Fwp%2Fv2%2Ftags&post=131343"}],"curies":[{"name":"wp","href":"https:\/\/api.w.org\/{rel}","templated":true}]}}