{"id":131342,"date":"2019-01-18T13:53:37","date_gmt":"2019-01-18T15:53:37","guid":{"rendered":"https:\/\/diarioregionaldigital.com.br\/?p=131342"},"modified":"2019-01-18T13:53:37","modified_gmt":"2019-01-18T15:53:37","slug":"divulgada-lista-de-cursos-de-pos-graduacao-lato-sensu-com-previsao-de-inicio-em-2019","status":"publish","type":"post","link":"https:\/\/diarioregionaldigital.com.br\/?p=131342","title":{"rendered":"Divulgada lista de cursos de p\u00f3s-gradua\u00e7\u00e3o Lato Sensu com previs\u00e3o de in\u00edcio em 2019"},"content":{"rendered":"<p>A Pr\u00f3-reitoria de P\u00f3s-gradua\u00e7\u00e3o e Pesquisa (Propp) da Universidade Federal de Juiz de Fora (UFJF) divulgou\u00a0a lista dos cursos de p\u00f3s-gradua\u00e7\u00e3o lato sensu com previs\u00e3o de in\u00edcio a partir do primeiro semestre de 2019.\u00a0Ao todo s\u00e3o 34 propostas de diferentes \u00e1reas que ser\u00e3o submetidas \u00e0 avalia\u00e7\u00e3o do Conselho Setorial de P\u00f3s-gradua\u00e7\u00e3o e Pesquisa. Com a aprova\u00e7\u00e3o, alguns cursos t\u00eam previs\u00e3o de in\u00edcio em mar\u00e7o e outros no decorrer do ano, como consta na tabela.<\/p>\n<p>Os cursos, que s\u00e3o divididos em Especializa\u00e7\u00e3o, MBA e Aperfei\u00e7oamento, ser\u00e3o desenvolvidos em oito unidades acad\u00eamicas: Faculdades de Administra\u00e7\u00e3o e Ci\u00eancias Cont\u00e1beis (dez propostas), Odontologia (dez), Engenharia (cinco), Economia (duas), Fisioterapia e Medicina (uma cada); al\u00e9m de tr\u00eas propostas no Instituto de Ci\u00eancias Exatas (ICE) e uma no Instituto de Ci\u00eancias Humanas (ICH).<\/p>\n<p>Apesar de aguardar a aprova\u00e7\u00e3o definitiva, a pr\u00f3-reitora de P\u00f3s-gradua\u00e7\u00e3o e Pesquisa, M\u00f4nica Ribeiro de Oliveira, acredita que a pr\u00e9-divulga\u00e7\u00e3o \u00e9 importante para que os interessados possam se planejar a tempo. \u201cTudo indica que as propostas ser\u00e3o aprovadas porque a gente d\u00e1 todo apoio t\u00e9cnico e acad\u00eamico necess\u00e1rio para que os cursos tenham \u00eaxito\u201d, afirma.<\/p>\n<p>De acordo com M\u00f4nica, a oferta de p\u00f3s-gradua\u00e7\u00e3o \u201clato sensu\u201d cumpre um dos compromissos da UFJF, uma vez que \u201ca Universidade tem expertises muito consolidadas que podem e devem ser oferecidas \u00e0 comunidade. Esses cursos s\u00e3o importantes na medida em que possuem uma carga hor\u00e1ria mais reduzida, se comparados ao \u201cstrictu sensu\u201d, e atinge um p\u00fablico que busca aperfei\u00e7oar conhecimentos. Nosso objetivo \u00e9 formar profissionais altamente qualificados\u201d.<\/p>\n<p>A maioria dos cursos s\u00e3o na \u00e1rea de Administra\u00e7\u00e3o, Ci\u00eancias Cont\u00e1beis e Economia, com foco em \u00e1reas t\u00e9cnicas, como Gest\u00e3o, Log\u00edstica e Marketing, por exemplo. Entretanto, de acordo com M\u00f4nica, a ideia \u00e9 expandir a oferta para outros segmentos. \u201cA Universidade tem um compromisso muito grande com a sociedade. Ent\u00e3o nosso interesse \u00e9, no decorrer de 2019 e nos anos subsequentes, oferecer p\u00f3s-gradua\u00e7\u00e3o \u201clato sensu\u201d nas mais diversas \u00e1reas de forma\u00e7\u00e3o\u201d.<\/p>\n<p>Neste sentido, a Propp lan\u00e7ou, na \u00faltima semana, um\u00a0<a href=\"http:\/\/www.ufjf.br\/propp\/files\/2016\/09\/Edital-n%C2%BA-001.2019-PROPP-LATO-SENSU.pdf\">edital para cria\u00e7\u00e3o e reoferecimento de cursos de p\u00f3s-gradua\u00e7\u00e3o lato sensu e forma\u00e7\u00e3o continuada<\/a>. O edital de fluxo cont\u00ednuo \u00e9 voltado para as unidades da UFJF que queiram promover cursos. De acordo com o documento, o coordenador acad\u00eamico interessado dever\u00e1 dar andamento aos procedimentos necess\u00e1rios e encaminhar a proposta \u00e0 Assessoria Acad\u00eamica\/Propp, com anteced\u00eancia necess\u00e1ria para que sua aprova\u00e7\u00e3o ocorra antes do in\u00edcio do curso.<\/p>\n<p>As propostas devem ser encaminhadas de acordo com as exig\u00eancias do edital e somente ser\u00e3o efetivadas ap\u00f3s a aprova\u00e7\u00e3o do Conselho Setorial de P\u00f3s-gradua\u00e7\u00e3o e Pesquisa. Todos os formul\u00e1rios e documentos necess\u00e1rios j\u00e1 est\u00e3o dispon\u00edveis no\u00a0<a href=\"http:\/\/www.ufjf.br\/propp\/formularios\/lato-sensu\/\">site da Pr\u00f3-reitoria<\/a>.<\/p>\n<p>&nbsp;<\/p>\n<p>Fonte: UFJF<\/p>\n","protected":false},"excerpt":{"rendered":"<p>A Pr\u00f3-reitoria de P\u00f3s-gradua\u00e7\u00e3o e Pesquisa (Propp) da Universidade Federal de Juiz de Fora (UFJF) divulgou\u00a0a lista dos cursos de p\u00f3s-gradua\u00e7\u00e3o lato sensu com previs\u00e3o de in\u00edcio a partir do primeiro semestre de 2019.\u00a0Ao todo s\u00e3o 34 propostas de diferentes \u00e1reas que ser\u00e3o submetidas \u00e0 avalia\u00e7\u00e3o do Conselho Setorial de P\u00f3s-gradua\u00e7\u00e3o e Pesquisa. Com a [&hellip;]<\/p>\n","protected":false},"author":96,"featured_media":131352,"comment_status":"closed","ping_status":"closed","sticky":false,"template":"","format":"standard","meta":{"footnotes":""},"categories":[436,307,439],"tags":[],"class_list":["post-131342","post","type-post","status-publish","format-standard","has-post-thumbnail","hentry","category-destaque-da-semana","category-editais","category-ultima-hora"],"_links":{"self":[{"href":"https:\/\/diarioregionaldigital.com.br\/index.php?rest_route=\/wp\/v2\/posts\/131342","targetHints":{"allow":["GET"]}}],"collection":[{"href":"https:\/\/diarioregionaldigital.com.br\/index.php?rest_route=\/wp\/v2\/posts"}],"about":[{"href":"https:\/\/diarioregionaldigital.com.br\/index.php?rest_route=\/wp\/v2\/types\/post"}],"author":[{"embeddable":true,"href":"https:\/\/diarioregionaldigital.com.br\/index.php?rest_route=\/wp\/v2\/users\/96"}],"replies":[{"embeddable":true,"href":"https:\/\/diarioregionaldigital.com.br\/index.php?rest_route=%2Fwp%2Fv2%2Fcomments&post=131342"}],"version-history":[{"count":0,"href":"https:\/\/diarioregionaldigital.com.br\/index.php?rest_route=\/wp\/v2\/posts\/131342\/revisions"}],"wp:featuredmedia":[{"embeddable":true,"href":"https:\/\/diarioregionaldigital.com.br\/index.php?rest_route=\/wp\/v2\/media\/131352"}],"wp:attachment":[{"href":"https:\/\/diarioregionaldigital.com.br\/index.php?rest_route=%2Fwp%2Fv2%2Fmedia&parent=131342"}],"wp:term":[{"taxonomy":"category","embeddable":true,"href":"https:\/\/diarioregionaldigital.com.br\/index.php?rest_route=%2Fwp%2Fv2%2Fcategories&post=131342"},{"taxonomy":"post_tag","embeddable":true,"href":"https:\/\/diarioregionaldigital.com.br\/index.php?rest_route=%2Fwp%2Fv2%2Ftags&post=131342"}],"curies":[{"name":"wp","href":"https:\/\/api.w.org\/{rel}","templated":true}]}}