{"id":131337,"date":"2019-01-18T10:44:28","date_gmt":"2019-01-18T12:44:28","guid":{"rendered":"https:\/\/diarioregionaldigital.com.br\/?p=131337"},"modified":"2019-01-18T10:45:07","modified_gmt":"2019-01-18T12:45:07","slug":"3-encontro-do-projeto-sol-acontece-nesta-segunda-feira","status":"publish","type":"post","link":"https:\/\/diarioregionaldigital.com.br\/?p=131337","title":{"rendered":"3\u00b0 Encontro do &#8216;Projeto Sol&#8217; acontece nesta segunda-feira"},"content":{"rendered":"<p>Acontecer\u00e1 nesta segunda-feira, 21, o 3\u00b0 encontro do \u201cProjeto Sol \u2013 Abra\u00e7ando a Vida\u201d, no Ritz Plaza Hotel. L\u00e1, das 19h30 \u00e0s 22h, os participantes poder\u00e3o aproveitar as diversas atividades como m\u00fasica com DJ Marquinhos Vov\u00f4, palestra, atendimento individual com psic\u00f3logo e educador financeiro, apresenta\u00e7\u00f5es musicais, artesanato, culin\u00e1ria, dan\u00e7a e orienta\u00e7\u00e3o para o conv\u00edvio e ado\u00e7\u00e3o de animais.<\/p>\n<h3>Confira a programa\u00e7\u00e3o desta segunda-feira, 21.<\/h3>\n<p><strong>Hor\u00e1rio:<\/strong> das 19h30 \u00e0s 22h. Local: Ritz Hotel, na Av. Bar\u00e3o do Rio Branco, n\u00b0 2000, no Centro. 19h30:<\/p>\n<p>Abertura com o DJ Marquinhos Vov\u00f4<\/p>\n<p><strong>Atividades paralelas:<\/strong> artesanato com Lygia Cardoso; culin\u00e1ria com Renata Gutierrez; orienta\u00e7\u00e3o para o contato e ado\u00e7\u00e3o de animais com Wal Muniz; e alongamento com Ricardo Malhado, Patr\u00edcia Lisboa e Karyna Souza.<\/p>\n<p><strong>20h15<\/strong><\/p>\n<p>Palestra sobre \u201cEnvelhecimento Saud\u00e1vel\u201d com a psic\u00f3loga Fl\u00e1via Cicarini e o convidado especial Jos\u00e9 An\u00edsio \u201cPitico\u201d da Silva, que \u00e9 assistente social e geront\u00f3logo.<\/p>\n<p><strong>21h<\/strong><\/p>\n<p>Retorno da apresenta\u00e7\u00e3o musical e dan\u00e7a com o professor Henrique Gon\u00e7alves. Al\u00e9m das atividades paralelas informadas acima, tamb\u00e9m estar\u00e3o dispon\u00edveis para o atendimento individual o educador financeiro Marcos Gasparette e a psic\u00f3loga Fl\u00e1via Cicarini \u201cProjeto Sol \u2013 Abra\u00e7ando a Vida\u201d<\/p>\n<p>Os encontros do \u201cProjeto Sol \u2013 Abra\u00e7ando a Vida\u201d acontecem todas as segundas-feiras, no Ritz Plaza Hotel, das 19h30 \u00e0s 22h.<\/p>\n<p>A participa\u00e7\u00e3o \u00e9 gratuita e n\u00e3o \u00e9 necess\u00e1ria a inscri\u00e7\u00e3o pr\u00e9via. A iniciativa foi criada especialmente para apoiar pessoas que estejam passando por quadros de atribula\u00e7\u00f5es mentais, como depress\u00e3o, transtorno de ansiedade e estresse.<\/p>\n<p>O projeto oferta um leque de atividades que devem servir de suporte ao tratamento m\u00e9dico, para melhorar a qualidade de vida dos usu\u00e1rios, amenizando o sofrimento e ampliando a sensa\u00e7\u00e3o de bem-estar. O \u201cProjeto Sol \u2013 Abra\u00e7ando a Vida\u201d \u00e9 idealizado e coordenado pelo educador f\u00edsico Paul Almeida.<\/p>\n<p><em>Fonte: Assessoria<\/em><\/p>\n<p>&nbsp;<\/p>\n","protected":false},"excerpt":{"rendered":"<p>Acontecer\u00e1 nesta segunda-feira, 21, o 3\u00b0 encontro do \u201cProjeto Sol \u2013 Abra\u00e7ando a Vida\u201d, no Ritz Plaza Hotel. L\u00e1, das 19h30 \u00e0s 22h, os participantes poder\u00e3o aproveitar as diversas atividades como m\u00fasica com DJ Marquinhos Vov\u00f4, palestra, atendimento individual com psic\u00f3logo e educador financeiro, apresenta\u00e7\u00f5es musicais, artesanato, culin\u00e1ria, dan\u00e7a e orienta\u00e7\u00e3o para o conv\u00edvio e [&hellip;]<\/p>\n","protected":false},"author":96,"featured_media":130741,"comment_status":"closed","ping_status":"closed","sticky":false,"template":"","format":"standard","meta":{"footnotes":""},"categories":[253,439],"tags":[],"class_list":["post-131337","post","type-post","status-publish","format-standard","has-post-thumbnail","hentry","category-cidade","category-ultima-hora"],"_links":{"self":[{"href":"https:\/\/diarioregionaldigital.com.br\/index.php?rest_route=\/wp\/v2\/posts\/131337","targetHints":{"allow":["GET"]}}],"collection":[{"href":"https:\/\/diarioregionaldigital.com.br\/index.php?rest_route=\/wp\/v2\/posts"}],"about":[{"href":"https:\/\/diarioregionaldigital.com.br\/index.php?rest_route=\/wp\/v2\/types\/post"}],"author":[{"embeddable":true,"href":"https:\/\/diarioregionaldigital.com.br\/index.php?rest_route=\/wp\/v2\/users\/96"}],"replies":[{"embeddable":true,"href":"https:\/\/diarioregionaldigital.com.br\/index.php?rest_route=%2Fwp%2Fv2%2Fcomments&post=131337"}],"version-history":[{"count":0,"href":"https:\/\/diarioregionaldigital.com.br\/index.php?rest_route=\/wp\/v2\/posts\/131337\/revisions"}],"wp:featuredmedia":[{"embeddable":true,"href":"https:\/\/diarioregionaldigital.com.br\/index.php?rest_route=\/wp\/v2\/media\/130741"}],"wp:attachment":[{"href":"https:\/\/diarioregionaldigital.com.br\/index.php?rest_route=%2Fwp%2Fv2%2Fmedia&parent=131337"}],"wp:term":[{"taxonomy":"category","embeddable":true,"href":"https:\/\/diarioregionaldigital.com.br\/index.php?rest_route=%2Fwp%2Fv2%2Fcategories&post=131337"},{"taxonomy":"post_tag","embeddable":true,"href":"https:\/\/diarioregionaldigital.com.br\/index.php?rest_route=%2Fwp%2Fv2%2Ftags&post=131337"}],"curies":[{"name":"wp","href":"https:\/\/api.w.org\/{rel}","templated":true}]}}