{"id":131331,"date":"2019-01-18T09:39:14","date_gmt":"2019-01-18T11:39:14","guid":{"rendered":"https:\/\/diarioregionaldigital.com.br\/?p=131331"},"modified":"2019-01-18T09:39:14","modified_gmt":"2019-01-18T11:39:14","slug":"governo-prorroga-por-um-ano-operacao-acolhida-a-venezuelanos","status":"publish","type":"post","link":"https:\/\/diarioregionaldigital.com.br\/?p=131331","title":{"rendered":"Governo prorroga por um ano Opera\u00e7\u00e3o Acolhida a venezuelanos"},"content":{"rendered":"<p>A Opera\u00e7\u00e3o Acolhida, que recebe e promove a interioriza\u00e7\u00e3o de\u00a0<a href=\"http:\/\/agenciabrasil.ebc.com.br\/geral\/noticia\/2019-01\/comitiva-interministerial-vai-roraima-ver-situacao-de-imigrantes\" target=\"_blank\" rel=\"noopener\">imigrantes e refugiados venezuelanos<\/a>, ser\u00e1 prorrogada at\u00e9 mar\u00e7o de 2020, sem possibilidade de fechamento da fronteira com a Venezuela. A decis\u00e3o foi anunciada pelo ministro da Defesa, Fernando Azevedo e Silva, e o governador de Roraima, Antonio Denarium (PSL). Eles e mais quatro ministros visitaram as instala\u00e7\u00f5es usadas pela opera\u00e7\u00e3o em Boa Vista. Nesta sexta-feira, 18, o grupo seguir\u00e1 at\u00e9 a regi\u00e3o fronteiri\u00e7a.<\/p>\n<p>O an\u00fancio foi feito nessa quinta-feira,\u00a017, durante entrevista coletiva em Boa Vista, capital de Roraima.\u00a0 Nesta\u00a0<span id=\"OBJ_PREFIX_DWT642_com_zimbra_date\" role=\"link\">sexta<\/span>-feira, 18, Denarium, \u00a0Azevedo e Silva, e os ministros da Sa\u00fade, Luiz Henrique Mandetta, \u00a0Educa\u00e7\u00e3o, Ricardo V\u00e9lez, Cidadania, Osmar Terra, e Controladoria-Geral da Uni\u00e3o, Wagner Ros\u00e1rio, ir\u00e3o at\u00e9 a fronteira do Brasil com a Venezuela.<\/p>\n<p>As autoridades v\u00e3o verificar as instala\u00e7\u00f5es destinadas \u00e0 Opera\u00e7\u00e3o Acolhida no munic\u00edpio de<a href=\"http:\/\/agenciabrasil.ebc.com.br\/geral\/noticia\/2018-08\/migracao-venezuelana-gera-tensao-e-muda-perfil-da-pacata-pacaraima\" target=\"_blank\" rel=\"noopener\">\u00a0Pacaraima<\/a>. O munic\u00edpio \u00e9 considerado a principal porta de entrada dos imigrantes que v\u00eam da Venezuela. Foi ali que, em agosto do ano passado, um grupo de venezuelanos foi atacado e incendiado na rua.<\/p>\n<p>Azevedo e Silva descartou a possibilidade de interromper o processo, previsto para terminar em\u00a0<span id=\"OBJ_PREFIX_DWT644_com_zimbra_date\" role=\"link\">31 de mar<\/span>\u00e7o, ressaltando que a defini\u00e7\u00e3o dos recursos ser\u00e1 feita. Sem detalhar, ele destacou que h\u00e1 aspectos que ser\u00e3o aperfei\u00e7oados. \u201cN\u00f3s temos uma previs\u00e3o [de despesas] que \u00e9 finita. Tem que ver essa parte or\u00e7ament\u00e1ria para prosseguir\u201d.<\/p>\n<h3><strong>A\u00e7\u00e3o<\/strong><\/h3>\n<p>Lan\u00e7ada pelo governo federal no in\u00edcio<span id=\"OBJ_PREFIX_DWT645_com_zimbra_date\" role=\"link\">\u00a0de mar<\/span>\u00e7o de 2018, no esfor\u00e7o de combater a crise humanit\u00e1ria provocada pela onda migrat\u00f3ria venezuelana, a Opera\u00e7\u00e3o Acolhida \u00e9 coordenada pela For\u00e7a-Tarefa Log\u00edstica Humanit\u00e1ria, uma iniciativa que re\u00fane v\u00e1rios minist\u00e9rios e \u00f3rg\u00e3os federais, estadual e municipais.<\/p>\n<p>As a\u00e7\u00f5es de apoio aos venezuelanos que chegam ao Brasil, fugindo da crise econ\u00f4mica e da instabilidade pol\u00edtica no pa\u00eds vizinho, incluem o fornecimento de refei\u00e7\u00f5es, abrigo e cuidados m\u00e9dicos, a regulariza\u00e7\u00e3o da situa\u00e7\u00e3o dos imigrantes que manifestem o desejo de permanecer no Brasil e a redistribui\u00e7\u00e3o das fam\u00edlias para outras regi\u00f5es.<\/p>\n<p>A Opera\u00e7\u00e3o Acolhida envolve aproximadamente 600 militares da Aeron\u00e1utica, do Ex\u00e9rcito e da Marinha. As a\u00e7\u00f5es s\u00e3o respons\u00e1veis tamb\u00e9m pelos postos de atendimento e abrigos destinados aos venezuelanos.<\/p>\n<h3><strong>Energia<\/strong><\/h3>\n<p>Durante a entrevista, os ministros e o governador ressaltaram a preocupa\u00e7\u00e3o com a depend\u00eancia energ\u00e9tica do estado em rela\u00e7\u00e3o \u00e0 Venezuela, que abastece a regi\u00e3o: metade da eletricidade consumida em Roraima vem do pa\u00eds vizinho. O restante \u00e9 produzido por usinas termel\u00e9tricas e custa cinco vezes mais que a hidrel\u00e9tica.<\/p>\n<p>Segundo o governador, uma solu\u00e7\u00e3o \u00e9 a retomada da constru\u00e7\u00e3o da linha de transmiss\u00e3o de sai da usina de Tucuru\u00ed, no Amazonas, at\u00e9 Boa Vista. S\u00e3o 700 quil\u00f4metros de obras, abandonadas desde 2011 e que, quando forem retomadas, devem demorar tr\u00eas anos para serem conclu\u00eddas.<\/p>\n<p>O governador Antonio Denarium avaliou que, al\u00e9m de garantir a autonomia energ\u00e9tica, a constru\u00e7\u00e3o do chamado Linh\u00e3o de Tucuru\u00ed poderia impulsionar a ind\u00fastria local e gerar empregos.<\/p>\n<p>\u201cVamos\u00a0<span id=\"OBJ_PREFIX_DWT646_com_zimbra_date\" role=\"link\">ter<\/span>\u00a0a condi\u00e7\u00e3o de atrair novos investidores e, ao mesmo tempo, dar seguran\u00e7a energ\u00e9tica ao estado. Com o Linh\u00e3o de Tucuru\u00ed, teremos condi\u00e7\u00f5es de atrair a ind\u00fastria para Roraima, aumentando a produ\u00e7\u00e3o de alimentos, a agroind\u00fastria e o beneficiamento de diversos produtos.\u201d<\/p>\n<h3><strong>Imigra\u00e7\u00e3o<\/strong><\/h3>\n<p>Na regi\u00e3o do Linh\u00e3o do Tucuru\u00ed entram cerca de 500 a 600 venezuelanos por dia em busca de abrigo e oportunidades no Brasil. Menos de 5% deles ficam em Roraima.<\/p>\n<p>De acordo com os dados oficiais, a maioria dos imigrantes que ingressa no territ\u00f3rio brasileiro busca seguir para outros estados e pa\u00edses. A Col\u00f4mbia \u00e9 o local mais procurado por eles nas Am\u00e9ricas.<\/p>\n<p>Desde 2017, 180 mil venezuelanos migraram passando por Pacaraima. Segundo os levantamentos mais recentes, desse total 5,8 mil est\u00e3o em Roraima e 4,2 mil foram levados para mais 15 estados, por meio da interioriza\u00e7\u00e3o.<\/p>\n<p><em>Fonte: Ag\u00eancia Brasil<\/em><\/p>\n","protected":false},"excerpt":{"rendered":"<p>A Opera\u00e7\u00e3o Acolhida, que recebe e promove a interioriza\u00e7\u00e3o de\u00a0imigrantes e refugiados venezuelanos, ser\u00e1 prorrogada at\u00e9 mar\u00e7o de 2020, sem possibilidade de fechamento da fronteira com a Venezuela. A decis\u00e3o foi anunciada pelo ministro da Defesa, Fernando Azevedo e Silva, e o governador de Roraima, Antonio Denarium (PSL). Eles e mais quatro ministros visitaram as [&hellip;]<\/p>\n","protected":false},"author":96,"featured_media":0,"comment_status":"closed","ping_status":"closed","sticky":false,"template":"","format":"standard","meta":{"footnotes":""},"categories":[254,439],"tags":[],"class_list":["post-131331","post","type-post","status-publish","format-standard","hentry","category-politica","category-ultima-hora"],"_links":{"self":[{"href":"https:\/\/diarioregionaldigital.com.br\/index.php?rest_route=\/wp\/v2\/posts\/131331","targetHints":{"allow":["GET"]}}],"collection":[{"href":"https:\/\/diarioregionaldigital.com.br\/index.php?rest_route=\/wp\/v2\/posts"}],"about":[{"href":"https:\/\/diarioregionaldigital.com.br\/index.php?rest_route=\/wp\/v2\/types\/post"}],"author":[{"embeddable":true,"href":"https:\/\/diarioregionaldigital.com.br\/index.php?rest_route=\/wp\/v2\/users\/96"}],"replies":[{"embeddable":true,"href":"https:\/\/diarioregionaldigital.com.br\/index.php?rest_route=%2Fwp%2Fv2%2Fcomments&post=131331"}],"version-history":[{"count":0,"href":"https:\/\/diarioregionaldigital.com.br\/index.php?rest_route=\/wp\/v2\/posts\/131331\/revisions"}],"wp:attachment":[{"href":"https:\/\/diarioregionaldigital.com.br\/index.php?rest_route=%2Fwp%2Fv2%2Fmedia&parent=131331"}],"wp:term":[{"taxonomy":"category","embeddable":true,"href":"https:\/\/diarioregionaldigital.com.br\/index.php?rest_route=%2Fwp%2Fv2%2Fcategories&post=131331"},{"taxonomy":"post_tag","embeddable":true,"href":"https:\/\/diarioregionaldigital.com.br\/index.php?rest_route=%2Fwp%2Fv2%2Ftags&post=131331"}],"curies":[{"name":"wp","href":"https:\/\/api.w.org\/{rel}","templated":true}]}}