{"id":131329,"date":"2019-01-18T09:33:46","date_gmt":"2019-01-18T11:33:46","guid":{"rendered":"https:\/\/diarioregionaldigital.com.br\/?p=131329"},"modified":"2019-01-18T09:33:46","modified_gmt":"2019-01-18T11:33:46","slug":"ladroes-roubam-van-na-br-267-e-deixam-motorista-proximo-ao-distrito-de-tebas","status":"publish","type":"post","link":"https:\/\/diarioregionaldigital.com.br\/?p=131329","title":{"rendered":"Ladr\u00f5es roubam van na BR-267 e deixam motorista pr\u00f3ximo ao distrito de Tebas"},"content":{"rendered":"<p>Uma Van Renault Master que transportava pe\u00e7as para torneiras hidr\u00e1ulicas foi roubada nessa quinta-feira, 17, na altura do Km 40 da BR-267, em Marip\u00e1 de Minas. O condutor, de 31 anos, foi solto pelos criminosos pr\u00f3ximo ao distrito de Tebas, em Leopoldina. Segundo informa\u00e7\u00f5es da Pol\u00edcia Rodovi\u00e1ria Federal, ele estava sozinho no ve\u00edculo e n\u00e3o se feriu.<\/p>\n<p>Ainda segundo a PRF, a v\u00edtima relatou que trafegava de Juiz de Fora sentido Leopoldina com a van, placas de Coronel Fabriciano, quando tr\u00eas homens encapuzados e armados que estavam em um Honda CR-V anunciaram o assalto. O motorista foi colocado no autom\u00f3vel e solto \u00e0s margens daquela rodovia, nas proximidades do Km 19, pr\u00f3ximo ao distrito de Tebas, em Leopoldina.<\/p>\n<p>A Pol\u00edcia Rodovi\u00e1ria Federal foi acionada e realizou rastreamento, por\u00e9m os autores e o Renault n\u00e3o foram localizados. O caso foi encaminhado para a Delegacia de Pol\u00edcia Civil de Bicas para as demais provid\u00eancias.<\/p>\n<p><em>Fonte: O Vigilante Online<\/em><\/p>\n","protected":false},"excerpt":{"rendered":"<p>Uma Van Renault Master que transportava pe\u00e7as para torneiras hidr\u00e1ulicas foi roubada nessa quinta-feira, 17, na altura do Km 40 da BR-267, em Marip\u00e1 de Minas. O condutor, de 31 anos, foi solto pelos criminosos pr\u00f3ximo ao distrito de Tebas, em Leopoldina. Segundo informa\u00e7\u00f5es da Pol\u00edcia Rodovi\u00e1ria Federal, ele estava sozinho no ve\u00edculo e n\u00e3o [&hellip;]<\/p>\n","protected":false},"author":96,"featured_media":95105,"comment_status":"closed","ping_status":"closed","sticky":false,"template":"","format":"standard","meta":{"footnotes":""},"categories":[252,439],"tags":[],"class_list":["post-131329","post","type-post","status-publish","format-standard","has-post-thumbnail","hentry","category-regiao","category-ultima-hora"],"_links":{"self":[{"href":"https:\/\/diarioregionaldigital.com.br\/index.php?rest_route=\/wp\/v2\/posts\/131329","targetHints":{"allow":["GET"]}}],"collection":[{"href":"https:\/\/diarioregionaldigital.com.br\/index.php?rest_route=\/wp\/v2\/posts"}],"about":[{"href":"https:\/\/diarioregionaldigital.com.br\/index.php?rest_route=\/wp\/v2\/types\/post"}],"author":[{"embeddable":true,"href":"https:\/\/diarioregionaldigital.com.br\/index.php?rest_route=\/wp\/v2\/users\/96"}],"replies":[{"embeddable":true,"href":"https:\/\/diarioregionaldigital.com.br\/index.php?rest_route=%2Fwp%2Fv2%2Fcomments&post=131329"}],"version-history":[{"count":0,"href":"https:\/\/diarioregionaldigital.com.br\/index.php?rest_route=\/wp\/v2\/posts\/131329\/revisions"}],"wp:featuredmedia":[{"embeddable":true,"href":"https:\/\/diarioregionaldigital.com.br\/index.php?rest_route=\/wp\/v2\/media\/95105"}],"wp:attachment":[{"href":"https:\/\/diarioregionaldigital.com.br\/index.php?rest_route=%2Fwp%2Fv2%2Fmedia&parent=131329"}],"wp:term":[{"taxonomy":"category","embeddable":true,"href":"https:\/\/diarioregionaldigital.com.br\/index.php?rest_route=%2Fwp%2Fv2%2Fcategories&post=131329"},{"taxonomy":"post_tag","embeddable":true,"href":"https:\/\/diarioregionaldigital.com.br\/index.php?rest_route=%2Fwp%2Fv2%2Ftags&post=131329"}],"curies":[{"name":"wp","href":"https:\/\/api.w.org\/{rel}","templated":true}]}}