{"id":131323,"date":"2019-01-18T09:25:07","date_gmt":"2019-01-18T11:25:07","guid":{"rendered":"https:\/\/diarioregionaldigital.com.br\/?p=131323"},"modified":"2019-01-18T09:25:07","modified_gmt":"2019-01-18T11:25:07","slug":"bem-comum-entrega-roupas-e-sapatos-ao-centro-pop","status":"publish","type":"post","link":"https:\/\/diarioregionaldigital.com.br\/?p=131323","title":{"rendered":"\u201cBem Comum\u201d entrega roupas e sapatos ao Centro Pop"},"content":{"rendered":"<p>Na tarde dessa quinta-feira, 17, o \u201cBem Comum\u201d, projeto da Secretaria de Comunica\u00e7\u00e3o Social (SCS) da Prefeitura de Juiz de Fora (PJF), entregou centenas de roupas e sapatos ao Centro de Refer\u00eancia Especializado para a Popula\u00e7\u00e3o Adulta em Situa\u00e7\u00e3o de Rua (Centro Pop). O material foi arrecadado na \u201cLoja do Bem\u201d, no Shopping Jardim Norte, na Av. Brasil, 6.345, Mariano Proc\u00f3pio.<\/p>\n<p>L\u00e1, nada \u00e9 vendido. Araras e cabides aguardam a coloca\u00e7\u00e3o das pe\u00e7as. Os itens s\u00e3o doados pela popula\u00e7\u00e3o e, posteriormente, entregues pelo projeto \u201cBem Comum\u201d a usu\u00e1rios de equipamentos p\u00fablicos, em especial, a pessoas em situa\u00e7\u00e3o de rua e institui\u00e7\u00f5es da cidade.<\/p>\n<p><b>Nova campanha<\/b><\/p>\n<p>Em parceria com a Secretaria de Desenvolvimento Social (SDS), o \u201cBem Comum\u201d lan\u00e7ou, neste m\u00eas, a campanha \u201cMochilas do Bem\u201d. A iniciativa busca arrecadar lancheiras e mochilas, novas e usadas, em bom estado, que ser\u00e3o doadas a crian\u00e7as e adolescentes do Servi\u00e7o de Conviv\u00eancia e Fortalecimento de V\u00ednculos (SCFV).<\/p>\n<p>A campanha vai at\u00e9 1\u00b0 de fevereiro. S\u00e3o quatro pontos de arrecada\u00e7\u00e3o: pr\u00e9dio-sede da PJF (Av. Brasil, 2.001, Centro), secretarias de Desenvolvimento Social (Rua Halfeld, 450, Centro) e de Educa\u00e7\u00e3o (Av. Get\u00falio Vargas, 200, Centro) e \u201cLoja do Bem\u201d.<\/p>\n<p>O Servi\u00e7o de Conviv\u00eancia e Fortalecimento de V\u00ednculos (SCFV) trabalha a forma\u00e7\u00e3o cidad\u00e3 de crian\u00e7as e adolescentes com idade de 4 a 14 anos, atrav\u00e9s de pr\u00e1ticas art\u00edsticas, culturais, esportivas e com acompanhamento escolar. As unidades oferecem duas refei\u00e7\u00f5es di\u00e1rias por turno, tendo como p\u00fablico-alvo crian\u00e7as em situa\u00e7\u00e3o de vulnerabilidade pessoal e\/ou social.<\/p>\n<p><em>Fonte: Assessoria<\/em><\/p>\n","protected":false},"excerpt":{"rendered":"<p>Na tarde dessa quinta-feira, 17, o \u201cBem Comum\u201d, projeto da Secretaria de Comunica\u00e7\u00e3o Social (SCS) da Prefeitura de Juiz de Fora (PJF), entregou centenas de roupas e sapatos ao Centro de Refer\u00eancia Especializado para a Popula\u00e7\u00e3o Adulta em Situa\u00e7\u00e3o de Rua (Centro Pop). O material foi arrecadado na \u201cLoja do Bem\u201d, no Shopping Jardim Norte, [&hellip;]<\/p>\n","protected":false},"author":96,"featured_media":0,"comment_status":"closed","ping_status":"closed","sticky":false,"template":"","format":"standard","meta":{"footnotes":""},"categories":[253,439],"tags":[],"class_list":["post-131323","post","type-post","status-publish","format-standard","hentry","category-cidade","category-ultima-hora"],"_links":{"self":[{"href":"https:\/\/diarioregionaldigital.com.br\/index.php?rest_route=\/wp\/v2\/posts\/131323","targetHints":{"allow":["GET"]}}],"collection":[{"href":"https:\/\/diarioregionaldigital.com.br\/index.php?rest_route=\/wp\/v2\/posts"}],"about":[{"href":"https:\/\/diarioregionaldigital.com.br\/index.php?rest_route=\/wp\/v2\/types\/post"}],"author":[{"embeddable":true,"href":"https:\/\/diarioregionaldigital.com.br\/index.php?rest_route=\/wp\/v2\/users\/96"}],"replies":[{"embeddable":true,"href":"https:\/\/diarioregionaldigital.com.br\/index.php?rest_route=%2Fwp%2Fv2%2Fcomments&post=131323"}],"version-history":[{"count":0,"href":"https:\/\/diarioregionaldigital.com.br\/index.php?rest_route=\/wp\/v2\/posts\/131323\/revisions"}],"wp:attachment":[{"href":"https:\/\/diarioregionaldigital.com.br\/index.php?rest_route=%2Fwp%2Fv2%2Fmedia&parent=131323"}],"wp:term":[{"taxonomy":"category","embeddable":true,"href":"https:\/\/diarioregionaldigital.com.br\/index.php?rest_route=%2Fwp%2Fv2%2Fcategories&post=131323"},{"taxonomy":"post_tag","embeddable":true,"href":"https:\/\/diarioregionaldigital.com.br\/index.php?rest_route=%2Fwp%2Fv2%2Ftags&post=131323"}],"curies":[{"name":"wp","href":"https:\/\/api.w.org\/{rel}","templated":true}]}}