{"id":131316,"date":"2019-01-18T08:53:37","date_gmt":"2019-01-18T10:53:37","guid":{"rendered":"https:\/\/diarioregionaldigital.com.br\/?p=131316"},"modified":"2019-01-18T08:53:37","modified_gmt":"2019-01-18T10:53:37","slug":"lei-da-rota-das-cervejas-especiais-de-juiz-de-fora-e-aprovada","status":"publish","type":"post","link":"https:\/\/diarioregionaldigital.com.br\/?p=131316","title":{"rendered":"Lei da \u201cRota das Cervejas Especiais de Juiz de Fora\u201d \u00e9 aprovada"},"content":{"rendered":"<p>A C\u00e2mara aprovou na \u00faltima reuni\u00e3o ordin\u00e1ria do primeiro per\u00edodo Legislativo, realizada na ter\u00e7a-feira, 15, o projeto de lei (PL) de autoria do vereador Marlon Siqueira (MDB) que prop\u00f5e a cria\u00e7\u00e3o da &#8220;Rota das Cervejas Especiais de Juiz de Fora&#8221; como uma a\u00e7\u00e3o de pol\u00edtica p\u00fablica no incentivo ao setor. A proposta \u00e9 destacar um meio de a\u00e7\u00e3o para que o Poder P\u00fablico seja um agente incentivador no setor.<\/p>\n<p>\u201cPara cada um emprego que as grandes ind\u00fastrias cervejeiras geram, cerca de mil postos de trabalho s\u00e3o ofertados pelas cervejarias especiais. Juiz de Fora precisa defender sua produ\u00e7\u00e3o, que gera emprego e renda para o munic\u00edpio. Com a \u2018Rota\u2019, assim como exemplos de outras cidades, buscamos reafirmar que o setor existe, se destaca e cresce\u201d, resume Marlon apontando a\u00e7\u00f5es como essa como incentivo ao empreendedorismo local e o setor de alimenta\u00e7\u00e3o fora do lar.<\/p>\n<p>O PL reitera a import\u00e2ncia do Poder P\u00fablico incentivar a produ\u00e7\u00e3o da cerveja local, microcervejarias artesanais, micro maltarias, bem como dos produtores de insumos e equipamentos cervejeiros, institui\u00e7\u00f5es de ensino cervejeiro e produtores caseiros de cerveja.<\/p>\n<p>Na pr\u00e1tica, a proposta \u00e9 que, por meio da \u201cRota de Cervejas Especiais de Juiz de Fora\u201d, o Executivo busque promover eventos ligados ao setor de cervejas artesanais, desenvolva o turismo e a cultura cervejeira com o objetivo principal de gerar emprego e renda, em um setor que se desenvolve exponencialmente na cidade. \u201cA\u00e7\u00f5es concretas e oficiais podem ser desenvolvidas, ligando hist\u00f3ria, cultura e turismo. Uma das nossas inspira\u00e7\u00f5es foi o evento da \u2018Caminhada Cervejaria Escola Mirante\u2019 que reuniu um grupo de pessoas para conhecer pontos hist\u00f3ricos do trajeto da Estrada de Salvaterra e, claro, consumir a bebida com modera\u00e7\u00e3o\u201d, destacou Marlon, citando, ainda o crescimento do \u201cpub craw\u201d em pa\u00edses europeus, movimento de visita a v\u00e1rios bares\/cervejarias em uma mesma noite.<\/p>\n<p><strong>Voca\u00e7\u00e3o cervejeira de Juiz de Fora<\/strong><\/p>\n<p>Na justificativa, entre os objetivos da lei est\u00e1 a ado\u00e7\u00e3o de estrat\u00e9gias de divulga\u00e7\u00e3o de Juiz de Fora como p\u00f3lo catalisador de iniciativas de desenvolvimento econ\u00f4mico e tur\u00edstico, agregando novos investimentos. A voca\u00e7\u00e3o cervejeira da cidade foi certificada tamb\u00e9m pelo Governo de Minas Gerais, como a\u00a0 primeira cidade a constituir um Arranjo Produtivo Local (APL), abrindo espa\u00e7o para atrair o p\u00fablico de fora para conhecer a hist\u00f3ria da bebida na cidade. A primeira cervejaria mineira foi criada em 1861 pelo alem\u00e3o Sebastian Kunz, onde hoje \u00e9 o Bairro S\u00e3o Pedro, em Juiz de Fora.<\/p>\n<p><em>Fonte: Assessoria<\/em><\/p>\n","protected":false},"excerpt":{"rendered":"<p>A C\u00e2mara aprovou na \u00faltima reuni\u00e3o ordin\u00e1ria do primeiro per\u00edodo Legislativo, realizada na ter\u00e7a-feira, 15, o projeto de lei (PL) de autoria do vereador Marlon Siqueira (MDB) que prop\u00f5e a cria\u00e7\u00e3o da &#8220;Rota das Cervejas Especiais de Juiz de Fora&#8221; como uma a\u00e7\u00e3o de pol\u00edtica p\u00fablica no incentivo ao setor. A proposta \u00e9 destacar um [&hellip;]<\/p>\n","protected":false},"author":96,"featured_media":0,"comment_status":"closed","ping_status":"closed","sticky":false,"template":"","format":"standard","meta":{"footnotes":""},"categories":[253,439],"tags":[],"class_list":["post-131316","post","type-post","status-publish","format-standard","hentry","category-cidade","category-ultima-hora"],"_links":{"self":[{"href":"https:\/\/diarioregionaldigital.com.br\/index.php?rest_route=\/wp\/v2\/posts\/131316","targetHints":{"allow":["GET"]}}],"collection":[{"href":"https:\/\/diarioregionaldigital.com.br\/index.php?rest_route=\/wp\/v2\/posts"}],"about":[{"href":"https:\/\/diarioregionaldigital.com.br\/index.php?rest_route=\/wp\/v2\/types\/post"}],"author":[{"embeddable":true,"href":"https:\/\/diarioregionaldigital.com.br\/index.php?rest_route=\/wp\/v2\/users\/96"}],"replies":[{"embeddable":true,"href":"https:\/\/diarioregionaldigital.com.br\/index.php?rest_route=%2Fwp%2Fv2%2Fcomments&post=131316"}],"version-history":[{"count":0,"href":"https:\/\/diarioregionaldigital.com.br\/index.php?rest_route=\/wp\/v2\/posts\/131316\/revisions"}],"wp:attachment":[{"href":"https:\/\/diarioregionaldigital.com.br\/index.php?rest_route=%2Fwp%2Fv2%2Fmedia&parent=131316"}],"wp:term":[{"taxonomy":"category","embeddable":true,"href":"https:\/\/diarioregionaldigital.com.br\/index.php?rest_route=%2Fwp%2Fv2%2Fcategories&post=131316"},{"taxonomy":"post_tag","embeddable":true,"href":"https:\/\/diarioregionaldigital.com.br\/index.php?rest_route=%2Fwp%2Fv2%2Ftags&post=131316"}],"curies":[{"name":"wp","href":"https:\/\/api.w.org\/{rel}","templated":true}]}}