{"id":131313,"date":"2019-01-18T08:50:14","date_gmt":"2019-01-18T10:50:14","guid":{"rendered":"https:\/\/diarioregionaldigital.com.br\/?p=131313"},"modified":"2019-01-18T08:50:14","modified_gmt":"2019-01-18T10:50:14","slug":"inep-divulga-nesta-sexta-feira-notas-do-enem","status":"publish","type":"post","link":"https:\/\/diarioregionaldigital.com.br\/?p=131313","title":{"rendered":"Inep divulga nesta sexta-feira notas do Enem"},"content":{"rendered":"<p>As notas do Exame Nacional do Ensino M\u00e9dio (Enem) ser\u00e3o divulgadas nesta sexta-feira, 18, na internet, na\u00a0<a href=\"https:\/\/enem.inep.gov.br\/participante\/\" target=\"_blank\" rel=\"noopener\">P\u00e1gina do Participante<\/a>\u00a0e no aplicativo oficial do Enem. Mais de 4,1 milh\u00f5es de estudantes ter\u00e3o acesso a quanto obtiveram em cada uma das provas: linguagens, ci\u00eancias humanas, ci\u00eancias da natureza, matem\u00e1tica e reda\u00e7\u00e3o.<\/p>\n<p>A nota do Enem \u00e9 calculada usando a chamada teoria de resposta ao item (TRI), que n\u00e3o estabelece previamente um valor fixo para cada quest\u00e3o. O valor varia conforme o percentual de acertos e erros naquele item.<\/p>\n<p>Assim, se a quest\u00e3o tiver grande n\u00famero de acertos ser\u00e1 considerada f\u00e1cil e, por essa raz\u00e3o, valer\u00e1 menos pontos. O estudante que acertar um item com alto \u00edndice de erros, por exemplo, ganhar\u00e1 mais pontos por ele.<\/p>\n<p>O Enem foi aplicado nos dias 4 e 11 de novembro de 2018. Desde o dia 14 de novembro, est\u00e3o dispon\u00edveis as provas e os\u00a0gabaritos oficiais. Tamb\u00e9m est\u00e3o dispon\u00edveis v\u00eddeos com os enunciados e as op\u00e7\u00f5es de respostas da videoprova na\u00a0L\u00edngua Brasileira de Sinais\u00a0(Libras).<\/p>\n<p>O Instituto Nacional de Estudos e Pesquisas Educacionais (Inep) divulgar\u00e1 no dia 18 de mar\u00e7o o espelho da reda\u00e7\u00e3o, ou seja, detalhes da corre\u00e7\u00e3o dessa prova. Isso \u00e9 feito ap\u00f3s os processos seletivos dos programas federais. A corre\u00e7\u00e3o tem fun\u00e7\u00e3o apenas pedag\u00f3gica e n\u00e3o \u00e9 poss\u00edvel interpor recurso.<\/p>\n<p>A nota dos treineiros, aqueles que ainda n\u00e3o conclu\u00edram o ensino m\u00e9dio e fizeram a prova apenas para testar os conhecimentos, tamb\u00e9m ser\u00e1 divulgada no dia 18 de mar\u00e7o.<\/p>\n<p><strong>Recupera\u00e7\u00e3o de senha<\/strong><\/p>\n<p>Para acessar os resultados individuais, \u00e9 preciso usar a senha criada na hora da inscri\u00e7\u00e3o. Caso o participante n\u00e3o se lembre da senha, basta clicar no campo\u00a0Esqueci minha senha. O estudante dever\u00e1, ent\u00e3o, confirmar o\u00a0<em>e-mail<\/em>\u00a0cadastrado no sistema para receber uma senha tempor\u00e1ria. Quem esqueceu a senha e tamb\u00e9m n\u00e3o tem acesso ao\u00a0<em>e-mai<\/em>l cadastrado tem a op\u00e7\u00e3o de informar novos contatos para receber a senha tempor\u00e1ria.<\/p>\n<h3><strong>O que fazer com as notas?<\/strong><\/h3>\n<p>Com os resultados, os estudantes poder\u00e3o concorrer a vagas no ensino superior p\u00fablico pelo Sistema de Sele\u00e7\u00e3o Unificada (Sisu), a bolsas em institui\u00e7\u00f5es privadas, pelo Programa Universidade para Todos (ProUni), e participar do Fundo de Financiamento Estudantil (Fies).<\/p>\n<p>O primeiro processo que ter\u00e1 as inscri\u00e7\u00f5es abertas \u00e9 o Sisu. Para participar \u00e9 preciso fazer a inscri\u00e7\u00e3o\u00a0<em>online<\/em>\u00a0no per\u00edodo de 22 a 25 de janeiro. Os estudantes j\u00e1 podem consultar, na\u00a0<a href=\"http:\/\/sisu.mec.gov.br\/\" target=\"_blank\" rel=\"noopener\">p\u00e1gina do programa<\/a>\u00a0as vagas dispon\u00edveis. S\u00e3o mais de 235,4 mil, distribu\u00eddas em 129 universidades p\u00fablicas de todo o pa\u00eds. As inscri\u00e7\u00f5es para o ProUni poder\u00e3o ser feitas de 22 a 25 de janeiro e, para o Fies, de 5 a 12 de fevereiro.<\/p>\n<p>Al\u00e9m dos programas nacionais, os estudantes podem usar as notas para cursar o ensino superior em Portugal. O Inep tem conv\u00eanio com 37 institui\u00e7\u00f5es portuguesas. A lista est\u00e1 dispon\u00edvel na\u00a0<a href=\"http:\/\/portal.inep.gov.br\/artigo\/-\/asset_publisher\/B4AQV9zFY7Bv\/content\/inep-continua-ampliando-o-numero-de-convenios-com-instituicoes-do-ensino-superior-portuguesas-para-uso-de-notas-do-enem\/21206\" target=\"_blank\" rel=\"noopener\">p\u00e1gina da autarquia<\/a>. Segundo o Inep, atualmente mais de 1,2 mil brasileiros usaram o Enem para ingressar nessas institui\u00e7\u00f5es.<\/p>\n<p><em>Fonte: Ag\u00eancia Brasil<\/em><\/p>\n","protected":false},"excerpt":{"rendered":"<p>As notas do Exame Nacional do Ensino M\u00e9dio (Enem) ser\u00e3o divulgadas nesta sexta-feira, 18, na internet, na\u00a0P\u00e1gina do Participante\u00a0e no aplicativo oficial do Enem. Mais de 4,1 milh\u00f5es de estudantes ter\u00e3o acesso a quanto obtiveram em cada uma das provas: linguagens, ci\u00eancias humanas, ci\u00eancias da natureza, matem\u00e1tica e reda\u00e7\u00e3o. A nota do Enem \u00e9 calculada [&hellip;]<\/p>\n","protected":false},"author":96,"featured_media":0,"comment_status":"closed","ping_status":"closed","sticky":false,"template":"","format":"standard","meta":{"footnotes":""},"categories":[302,436,440,439],"tags":[],"class_list":["post-131313","post","type-post","status-publish","format-standard","hentry","category-brasil-mundo","category-destaque-da-semana","category-destaques-do-dia","category-ultima-hora"],"_links":{"self":[{"href":"https:\/\/diarioregionaldigital.com.br\/index.php?rest_route=\/wp\/v2\/posts\/131313","targetHints":{"allow":["GET"]}}],"collection":[{"href":"https:\/\/diarioregionaldigital.com.br\/index.php?rest_route=\/wp\/v2\/posts"}],"about":[{"href":"https:\/\/diarioregionaldigital.com.br\/index.php?rest_route=\/wp\/v2\/types\/post"}],"author":[{"embeddable":true,"href":"https:\/\/diarioregionaldigital.com.br\/index.php?rest_route=\/wp\/v2\/users\/96"}],"replies":[{"embeddable":true,"href":"https:\/\/diarioregionaldigital.com.br\/index.php?rest_route=%2Fwp%2Fv2%2Fcomments&post=131313"}],"version-history":[{"count":0,"href":"https:\/\/diarioregionaldigital.com.br\/index.php?rest_route=\/wp\/v2\/posts\/131313\/revisions"}],"wp:attachment":[{"href":"https:\/\/diarioregionaldigital.com.br\/index.php?rest_route=%2Fwp%2Fv2%2Fmedia&parent=131313"}],"wp:term":[{"taxonomy":"category","embeddable":true,"href":"https:\/\/diarioregionaldigital.com.br\/index.php?rest_route=%2Fwp%2Fv2%2Fcategories&post=131313"},{"taxonomy":"post_tag","embeddable":true,"href":"https:\/\/diarioregionaldigital.com.br\/index.php?rest_route=%2Fwp%2Fv2%2Ftags&post=131313"}],"curies":[{"name":"wp","href":"https:\/\/api.w.org\/{rel}","templated":true}]}}