{"id":131266,"date":"2019-01-17T15:51:46","date_gmt":"2019-01-17T17:51:46","guid":{"rendered":"https:\/\/diarioregionaldigital.com.br\/?p=131266"},"modified":"2019-01-17T15:51:46","modified_gmt":"2019-01-17T17:51:46","slug":"melhora-no-atendimento-de-saude-foi-foco-de-propostas-aprovadas-no-senado-em-2018","status":"publish","type":"post","link":"https:\/\/diarioregionaldigital.com.br\/?p=131266","title":{"rendered":"Melhora no atendimento de sa\u00fade foi foco de propostas aprovadas no senado em 2018"},"content":{"rendered":"<p>Aprimorar o atendimento e o tratamento aos usu\u00e1rios do Sistema \u00danico de Sa\u00fade (SUS) e dar garantias e benef\u00edcios a quem usa ou colabora com o sistema. Essas foram algumas das medidas aprovadas pelos senadores em 2018. Algumas viraram lei, outras aguardam a an\u00e1lise da C\u00e2mara dos Deputados.<\/p>\n<h3><strong>Doen\u00e7as Raras<\/strong><\/h3>\n<p>Os senadores aprovaram em julho a pol\u00edtica integral em atendimento \u00e0s pessoas com doen\u00e7as raras. O\u00a0<a class=\"external-link\" href=\"http:\/\/www25.senado.leg.br\/web\/atividade\/materias\/-\/materia\/126956\">PLC 56\/2016<\/a>, que institui a Pol\u00edtica Nacional para Doen\u00e7as Raras no SUS voltou para nova an\u00e1lise na C\u00e2mara.<\/p>\n<p>O projeto reconhece o direito de acesso dos pacientes diagnosticados com doen\u00e7as raras aos cuidados adequados, o que inclui a provis\u00e3o de medicamentos \u00f3rf\u00e3os. Esse tipo de medicamento, destinado ao tratamento das doen\u00e7as raras, desperta pouco interesse da ind\u00fastria farmac\u00eautica porque em condi\u00e7\u00f5es normais de mercado n\u00e3o \u00e9 vantajoso desenvolver rem\u00e9dios destinados a um pequeno n\u00famero de doentes.<\/p>\n<p>Segundo o texto, esse tipo de medicamento ter\u00e1 prioridade na an\u00e1lise para concess\u00e3o de registro sanit\u00e1rio junto \u00e0 Ag\u00eancia Nacional de Vigil\u00e2ncia Sanit\u00e1ria (Anvisa). A mat\u00e9ria estabelece algumas regras para facilitar o registro.<\/p>\n<p>A pol\u00edtica ser\u00e1 implementada tanto na aten\u00e7\u00e3o b\u00e1sica \u00e0 sa\u00fade quanto na aten\u00e7\u00e3o especializada. A ideia \u00e9 que os portadores de doen\u00e7as raras sejam identificados precocemente, no pr\u00e9-natal ou ainda rec\u00e9m-nascidos, e que recebam o tratamento adequado desde a primeira inf\u00e2ncia. A pol\u00edtica prev\u00ea, ainda, o suporte \u00e0s fam\u00edlias dos pacientes e determina que cada estado dever\u00e1 estruturar pelo menos um centro de refer\u00eancia.<\/p>\n<p>O ex-senador Ronaldo Caiado, ent\u00e3o relator na Comiss\u00e3o de Assuntos Sociais (CAS), considerou o projeto um dos mais importantes aprovados pelo Congresso Nacional em 2018.<\/p>\n<p>\u2014 \u00c9 um projeto completo, extenso, que teve o cuidado de ouvir e de poder fazer aquilo que \u00e9 o m\u00ednimo necess\u00e1rio da nossa parte para poder dar o m\u00ednimo de atendimento, de consolo para, pelo menos, viabilizar uma sa\u00edda para essas fam\u00edlias que se veem diante de uma situa\u00e7\u00e3o t\u00e3o dif\u00edcil como essa. Que possamos responder a todo o Brasil nesta hora e dar a esses 12 milh\u00f5es de brasileiros pelo menos o alento no sentido de que o Senado legislou e apresentou alternativas que ser\u00e3o important\u00edssimas na vida desses cidad\u00e3os, que est\u00e3o totalmente desprovidos de qualquer assist\u00eancia \u2014 afirmou.<\/p>\n<h3><strong>Diabetes<\/strong><\/h3>\n<p>Outra pol\u00edtica integral aprovada foi em atendimento \u00e0s pessoas com diabetes. Os senadores aprovaram em abril o Projeto de Lei do Senado (PLS)\u00a0<a class=\"external-link\" href=\"http:\/\/www25.senado.leg.br\/web\/atividade\/materias\/-\/materia\/130037\">225\/2017<\/a>, que cria a pol\u00edtica nacional de assist\u00eancia ao paciente com diabetes no SUS. O texto torna obrigat\u00f3ria a universalidade de acesso, a integralidade, a igualdade de assist\u00eancia, o direito \u00e0 informa\u00e7\u00e3o e a descentraliza\u00e7\u00e3o administrativa para o cuidado aos diab\u00e9ticos.<\/p>\n<p>Pelo projeto, dever\u00e3o ser abertos centros especializados em diabetes pelo pa\u00eds. Al\u00e9m do tratamento, esses centros dever\u00e3o assegurar amplo acesso a medicamentos, insulinas e outros insumos. No entanto, antes mesmo da constru\u00e7\u00e3o de tais espa\u00e7os, o paciente dever\u00e1 ter um r\u00e1pido in\u00edcio do tratamento adequado, com integralidade na assist\u00eancia.<\/p>\n<p>O texto do Senado tamb\u00e9m estabelece uma pol\u00edtica de educa\u00e7\u00e3o permanente aos profissionais envolvidos no atendimento, a promo\u00e7\u00e3o de pesquisas relacionadas \u00e0 doen\u00e7a e o oferecimento de servi\u00e7os de diagn\u00f3stico precoce e preven\u00e7\u00e3o.<\/p>\n<p>A proposta \u00e9 do ex-senador Ronaldo Caiado (DEM-GO) e aguarda avalia\u00e7\u00e3o da C\u00e2mara.<\/p>\n<h3><strong>C\u00e2ncer de mama<\/strong><\/h3>\n<p>O Projeto de Lei da C\u00e2mara (PLC)\u00a0<a class=\"external-link\" href=\"http:\/\/www25.senado.leg.br\/web\/atividade\/materias\/-\/materia\/125319\">5\/2016<\/a>\u00a0foi convertido na<a class=\"external-link\" href=\"http:\/\/www.planalto.gov.br\/ccivil_03\/_Ato2015-2018\/2018\/Lei\/L13770.htm\">\u00a0Lei 13.770, de 2018<\/a>, que assegura \u00e0s mulheres diagnosticadas com c\u00e2ncer de mama o direito \u00e0 cirurgia pl\u00e1stica reparadora nos seios. O objetivo \u00e9 o de garantir a simetria das mamas, mesmo que a patologia se manifeste apenas em um dos lados. Origin\u00e1rio da C\u00e2mara, o projeto foi relatado e aprimorado nas comiss\u00f5es pela senadora Marta Suplicy (MDB-SP), aprovado no fim de 2017 e devolvido aos deputados, que finalizaram a an\u00e1lise um ano depois.<\/p>\n<p>A reconstru\u00e7\u00e3o das mamas dever\u00e1 ser oferecida tanto pelo SUS quanto pelos planos de sa\u00fade, com garantia para o procedimento de torn\u00e1-las sim\u00e9tricas e de reconstruir as ar\u00e9olas mam\u00e1rias, se necess\u00e1rio.<\/p>\n<p>Marta comemorou a confirma\u00e7\u00e3o da proposta pelos deputados, permitindo a r\u00e1pida san\u00e7\u00e3o.<\/p>\n<p>\u2014 Al\u00e9m de ter a dor de fazer uma opera\u00e7\u00e3o e combater a doen\u00e7a e tudo o mais, a pessoa ainda sa\u00eda desagradada com o resultado est\u00e9tico. Agora, ela ter\u00e1 o direito, por lei, no SUS e no seguro particular, de poder fazer a simetria entre os dois seios. Esse projeto foi aprovado na C\u00e2mara dos Deputados, da mesma forma que saiu daqui. Essa \u00e9 uma possibilidade muito grande para todas as mulheres que, infelizmente, tiverem que passar por essa cirurgia. E n\u00f3s ficamos muito contentes com esse resultado.<\/p>\n<h3><b>Ajuda de custo<\/b><\/h3>\n<p>O Plen\u00e1rio aprovou em setembro e seguiu para an\u00e1lise na C\u00e2mara o\u00a0<a class=\"external-link\" href=\"http:\/\/www25.senado.leg.br\/web\/atividade\/materias\/-\/materia\/130305\">PLS 264\/2017<\/a>, do senador Randolfe Rodrigues (Rede-AP), que garante ajuda de custo a pacientes do SUS que necessitem de tratamento fora da cidade onde vivem. O pagamento se refere aos gastos com alimenta\u00e7\u00e3o, transporte e hospedagem. Os recursos para pagamento da ajuda de custo ser\u00e3o de responsabilidade apenas da Uni\u00e3o.<\/p>\n<p>O benef\u00edcio valer\u00e1 para deslocamentos superiores a 50 km. Para ter o direito garantido, \u00e9 necess\u00e1ria a indica\u00e7\u00e3o m\u00e9dica de tratamento em outra unidade mais distante e a autoriza\u00e7\u00e3o do gestor municipal ou estadual do SUS, aliada \u00e0 garantia do atendimento na outra cidade. A ajuda s\u00f3 poder\u00e1 ser paga ap\u00f3s esgotados todos os meios de tratamento na cidade onde reside o paciente. Um acompanhante tamb\u00e9m poder\u00e1 ter direito a ajuda, caso solicitado.<\/p>\n<p>A legisla\u00e7\u00e3o do SUS j\u00e1 prev\u00ea ajuda de custo aos pacientes que precisem se deslocar para outro munic\u00edpio para obter tratamento de sa\u00fade, por meio do Tratamento Fora de Domic\u00edlio (TFD), previsto na Portaria 55\/1999, do Minist\u00e9rio da Sa\u00fade. Contudo, segundo Randolfe, o benef\u00edcio previsto \u00e9 muito restrito, n\u00e3o sofre reajuste desde sua cria\u00e7\u00e3o e pode ser extinto a qualquer momento. Por esses motivos, ele deseja explicitar o aux\u00edlio no \u00e2mbito da lei.<\/p>\n<p>\u2014 Esse projeto cumpre a Constitui\u00e7\u00e3o, que diz que sa\u00fade \u00e9 direto de todos e dever do Estado. O tratamento fora de domicilio \u00e9 direito dos cidad\u00e3os brasileiros, principalmente daqueles de um estado que n\u00e3o tem todo o atendimento m\u00e9dico dispon\u00edvel, como os do meu estado, o Amap\u00e1 \u2014 agradeceu Randolfe, no dia da aprova\u00e7\u00e3o em Plen\u00e1rio.<\/p>\n<h3><strong>Jovens<\/strong><\/h3>\n<p>Proposta que torna obrigat\u00f3ria a notifica\u00e7\u00e3o, pelos hospitais, de casos de acidentes envolvendo crian\u00e7as e adolescentes tamb\u00e9m foi aprovada este ano no Senado e agora aguarda rean\u00e1lise na C\u00e2mara, pois foi modificada pelos senadores.<\/p>\n<p>Segundo o\u00a0<a class=\"external-link\" href=\"http:\/\/www25.senado.leg.br\/web\/atividade\/materias\/-\/materia\/127915\">PLC 13\/2017<\/a>, os estabelecimentos de sa\u00fade da rede p\u00fablica e privada ficam obrigados a notificar aos \u00f3rg\u00e3os p\u00fablicos competentes os casos de acidentes envolvendo menores de idade, ou seja, at\u00e9 18 anos incompletos. Regulamenta\u00e7\u00e3o federal determinar\u00e1 os tipos de acidente que ser\u00e3o objeto de notifica\u00e7\u00e3o, como os de tr\u00e2nsito, afogamentos, quedas ou queimaduras.<\/p>\n<p>A proposta pode parecer simples, mas \u00e9 um passo importante para aprimorar a gest\u00e3o. Os n\u00fameros dar\u00e3o embasamento ao poder p\u00fablico no planejamento de a\u00e7\u00f5es e estrutura\u00e7\u00e3o de pol\u00edticas para prevenir mortes e hospitaliza\u00e7\u00f5es de crian\u00e7as e jovens. A obriga\u00e7\u00e3o recai sobre os gestores dos hospitais e os profissionais respons\u00e1veis pelo atendimento. Caso n\u00e3o o fa\u00e7am, estar\u00e3o sujeitos a penalidades administrativas.<\/p>\n<h3><strong>Moradores de rua<\/strong><\/h3>\n<p>Outro destaque foi o Projeto de Lei da C\u00e2mara (PLC)\u00a0<a class=\"external-link\" href=\"http:\/\/www25.senado.leg.br\/web\/atividade\/materias\/-\/materia\/119020\">112\/2014<\/a>, aprovado pelo Plen\u00e1rio em agosto. O texto, com regras relacionadas \u00e0 identidade visual do Sistema \u00danico de Assist\u00eancia Social (Suas), foi modificado para deixar claro o direito dos moradores de rua de terem pleno atendimento no \u00e2mbito do SUS. A\u00a0<a class=\"external-link\" href=\"http:\/\/www.planalto.gov.br\/ccivil_03\/_Ato2015-2018\/2018\/Lei\/L13714.htm\">Lei 13.714, de 2018<\/a>, resultante da proposta, pro\u00edbe expressamente a recusa de atendimento na rede p\u00fablica a pessoas em situa\u00e7\u00e3o de vulnerabilidade ou risco social e sem comprovante de resid\u00eancia.<\/p>\n<p>O texto, dos deputados Benedita da Silva (PT-RJ) e Antonio Brito (PSD-BA), previa apenas a cria\u00e7\u00e3o de uma identidade visual para o Suas, com objetivo de identificar todos os locais que prestam esse servi\u00e7o \u00e0 popula\u00e7\u00e3o: as unidades p\u00fablicas estatais, as organiza\u00e7\u00f5es de assist\u00eancia social, os servi\u00e7os, programas, projetos e benef\u00edcios vinculados ao Suas.<\/p>\n<p>Mas senador Eun\u00edcio Oliveira (MDB-CE) apresentou emenda para garantir o atendimento a moradores de rua. O texto garante a essa camada da popula\u00e7\u00e3o \u201ca aten\u00e7\u00e3o integral \u00e0 sa\u00fade, inclusive com dispensa\u00e7\u00e3o de medicamentos e produtos de interesse para a sa\u00fade\u201d.<\/p>\n<p>\u2014 Essa emenda \u00e9 extremamente importante, porque o acesso ao SUS \u00e9 universal e \u00e9 integral, e isso se aplica tamb\u00e9m \u00e0s fam\u00edlias e indiv\u00edduos em situa\u00e7\u00f5es de vulnerabilidade ou risco social e pessoal. Eles n\u00e3o podem ser impedidos no seu direito \u00e0 sa\u00fade por exig\u00eancias burocr\u00e1ticas que, na pr\u00e1tica, ainda subsistem no nosso querido Brasil \u2014 disse o senador no dia da vota\u00e7\u00e3o.<\/p>\n<h3><strong>Medula<\/strong><\/h3>\n<p>Doadores de medula e cidad\u00e3os com renda familiar de at\u00e9 meio sal\u00e1rio m\u00ednimo por pessoa\u00a0ter\u00e3o direito \u00e0 isen\u00e7\u00e3o do pagamento de taxa de inscri\u00e7\u00e3o em concurso p\u00fablico. A garantia est\u00e1 na\u00a0<a class=\"external-link\" href=\"http:\/\/www.planalto.gov.br\/ccivil_03\/_Ato2015-2018\/2018\/Lei\/L13656.htm\">Lei 13.656, de 2018<\/a>\u00a0e se aplica aos editais publicados ap\u00f3s a san\u00e7\u00e3o da legisla\u00e7\u00e3o, em maio deste ano.<\/p>\n<p>A norma \u00e9 origin\u00e1ria do\u00a0<a class=\"external-link\" href=\"http:\/\/www25.senado.leg.br\/web\/atividade\/materias\/-\/materia\/81302\">PLS 295\/2007<\/a>, da ex-senadora Serys Slhessarenko (PRB-MT), aprovado no Plen\u00e1rio tamb\u00e9m em maio.<\/p>\n<p>A isen\u00e7\u00e3o vale para concursos p\u00fablicos em \u00f3rg\u00e3os ou entidades da administra\u00e7\u00e3o p\u00fablica direta e indireta dos tr\u00eas poderes da Uni\u00e3o. S\u00e3o isentos candidatos que perten\u00e7am a fam\u00edlia inscrita no Cadastro \u00danico para Programas Sociais (Cad\u00danico) do governo federal e os doadores de medula \u00f3ssea cadastrados em entidades reconhecidas pelo Minist\u00e9rio da Sa\u00fade.<\/p>\n<p>Pela lei, o candidato que apresentar informa\u00e7\u00e3o falsa para obter a isen\u00e7\u00e3o poder\u00e1 ter a inscri\u00e7\u00e3o cancelada e ser exclu\u00eddo do concurso. Caso a infra\u00e7\u00e3o seja descoberta depois da aprova\u00e7\u00e3o, o candidato poder\u00e1 ter a nomea\u00e7\u00e3o anulada.<\/p>\n<p>&nbsp;<\/p>\n<p>Fonte: Ag\u00eancia Senado<\/p>\n","protected":false},"excerpt":{"rendered":"<p>Aprimorar o atendimento e o tratamento aos usu\u00e1rios do Sistema \u00danico de Sa\u00fade (SUS) e dar garantias e benef\u00edcios a quem usa ou colabora com o sistema. Essas foram algumas das medidas aprovadas pelos senadores em 2018. Algumas viraram lei, outras aguardam a an\u00e1lise da C\u00e2mara dos Deputados. Doen\u00e7as Raras Os senadores aprovaram em julho [&hellip;]<\/p>\n","protected":false},"author":96,"featured_media":131267,"comment_status":"closed","ping_status":"closed","sticky":false,"template":"","format":"standard","meta":{"footnotes":""},"categories":[302,436,262,439],"tags":[],"class_list":["post-131266","post","type-post","status-publish","format-standard","has-post-thumbnail","hentry","category-brasil-mundo","category-destaque-da-semana","category-noticias","category-ultima-hora"],"_links":{"self":[{"href":"https:\/\/diarioregionaldigital.com.br\/index.php?rest_route=\/wp\/v2\/posts\/131266","targetHints":{"allow":["GET"]}}],"collection":[{"href":"https:\/\/diarioregionaldigital.com.br\/index.php?rest_route=\/wp\/v2\/posts"}],"about":[{"href":"https:\/\/diarioregionaldigital.com.br\/index.php?rest_route=\/wp\/v2\/types\/post"}],"author":[{"embeddable":true,"href":"https:\/\/diarioregionaldigital.com.br\/index.php?rest_route=\/wp\/v2\/users\/96"}],"replies":[{"embeddable":true,"href":"https:\/\/diarioregionaldigital.com.br\/index.php?rest_route=%2Fwp%2Fv2%2Fcomments&post=131266"}],"version-history":[{"count":0,"href":"https:\/\/diarioregionaldigital.com.br\/index.php?rest_route=\/wp\/v2\/posts\/131266\/revisions"}],"wp:featuredmedia":[{"embeddable":true,"href":"https:\/\/diarioregionaldigital.com.br\/index.php?rest_route=\/wp\/v2\/media\/131267"}],"wp:attachment":[{"href":"https:\/\/diarioregionaldigital.com.br\/index.php?rest_route=%2Fwp%2Fv2%2Fmedia&parent=131266"}],"wp:term":[{"taxonomy":"category","embeddable":true,"href":"https:\/\/diarioregionaldigital.com.br\/index.php?rest_route=%2Fwp%2Fv2%2Fcategories&post=131266"},{"taxonomy":"post_tag","embeddable":true,"href":"https:\/\/diarioregionaldigital.com.br\/index.php?rest_route=%2Fwp%2Fv2%2Ftags&post=131266"}],"curies":[{"name":"wp","href":"https:\/\/api.w.org\/{rel}","templated":true}]}}