{"id":131258,"date":"2019-01-17T15:35:19","date_gmt":"2019-01-17T17:35:19","guid":{"rendered":"https:\/\/diarioregionaldigital.com.br\/?p=131258"},"modified":"2019-01-17T15:38:25","modified_gmt":"2019-01-17T17:38:25","slug":"pjf-divulga-resultado-de-processos-seletivos-de-professores-apos-prova-pratica","status":"publish","type":"post","link":"https:\/\/diarioregionaldigital.com.br\/?p=131258","title":{"rendered":"PJF divulga resultado de processos seletivos de professores ap\u00f3s prova pr\u00e1tica"},"content":{"rendered":"<p>A Prefeitura de Juiz de Fora (PJF), atrav\u00e9s da Secretaria de Administra\u00e7\u00e3o e Recursos Humanos (SARH), divulgou nesta quinta-feira, 17, o resultado, ap\u00f3s prova pr\u00e1tica, dos processos seletivos simplificados visando contrata\u00e7\u00e3o tempor\u00e1ria de professores de teatro, m\u00fasica, dan\u00e7a e artes visuais (Edital n\u00ba 381-SARH), para atua\u00e7\u00e3o no ano letivo de 2019. Os classificados dever\u00e3o aguardar convoca\u00e7\u00e3o para contrata\u00e7\u00e3o. Todas as informa\u00e7\u00f5es sobre o edital podem ser conferidas\u00a0<a href=\"https:\/\/www.pjf.mg.gov.br\/secretarias\/sarh\/edital\/temporario\/381\/index.php\">aqui<\/a>. As listas de classifica\u00e7\u00e3o foram publicadas no Di\u00e1rio Oficial Eletr\u00f4nico do Munic\u00edpio (Atos do Governo) e podem ser acessadas abaixo:<\/p>\n<p>Edital n\u00ba 381 \u2013\u00a0<a href=\"https:\/\/www.pjf.mg.gov.br\/e_atos\/e_atos_vis.php?id=66403\">Teatro<\/a><\/p>\n<p>Edital n\u00ba 381 \u2013\u00a0<a href=\"https:\/\/www.pjf.mg.gov.br\/e_atos\/e_atos_vis.php?id=66405\">M\u00fasica<\/a><\/p>\n<p>Edital n\u00ba 381 \u2013\u00a0<a href=\"https:\/\/www.pjf.mg.gov.br\/e_atos\/e_atos_vis.php?id=66404\">Dan\u00e7a<\/a><\/p>\n<p>Edital n\u00ba 381 \u2013\u00a0<a href=\"https:\/\/www.pjf.mg.gov.br\/e_atos\/e_atos_vis.php?id=66406\">Artes Visuais<\/a><\/p>\n<p>Fonte: PJF<\/p>\n","protected":false},"excerpt":{"rendered":"<p>A Prefeitura de Juiz de Fora (PJF), atrav\u00e9s da Secretaria de Administra\u00e7\u00e3o e Recursos Humanos (SARH), divulgou nesta quinta-feira, 17, o resultado, ap\u00f3s prova pr\u00e1tica, dos processos seletivos simplificados visando contrata\u00e7\u00e3o tempor\u00e1ria de professores de teatro, m\u00fasica, dan\u00e7a e artes visuais (Edital n\u00ba 381-SARH), para atua\u00e7\u00e3o no ano letivo de 2019. Os classificados dever\u00e3o aguardar [&hellip;]<\/p>\n","protected":false},"author":96,"featured_media":131261,"comment_status":"closed","ping_status":"closed","sticky":false,"template":"","format":"standard","meta":{"footnotes":""},"categories":[253,436,262,439],"tags":[],"class_list":["post-131258","post","type-post","status-publish","format-standard","has-post-thumbnail","hentry","category-cidade","category-destaque-da-semana","category-noticias","category-ultima-hora"],"_links":{"self":[{"href":"https:\/\/diarioregionaldigital.com.br\/index.php?rest_route=\/wp\/v2\/posts\/131258","targetHints":{"allow":["GET"]}}],"collection":[{"href":"https:\/\/diarioregionaldigital.com.br\/index.php?rest_route=\/wp\/v2\/posts"}],"about":[{"href":"https:\/\/diarioregionaldigital.com.br\/index.php?rest_route=\/wp\/v2\/types\/post"}],"author":[{"embeddable":true,"href":"https:\/\/diarioregionaldigital.com.br\/index.php?rest_route=\/wp\/v2\/users\/96"}],"replies":[{"embeddable":true,"href":"https:\/\/diarioregionaldigital.com.br\/index.php?rest_route=%2Fwp%2Fv2%2Fcomments&post=131258"}],"version-history":[{"count":0,"href":"https:\/\/diarioregionaldigital.com.br\/index.php?rest_route=\/wp\/v2\/posts\/131258\/revisions"}],"wp:featuredmedia":[{"embeddable":true,"href":"https:\/\/diarioregionaldigital.com.br\/index.php?rest_route=\/wp\/v2\/media\/131261"}],"wp:attachment":[{"href":"https:\/\/diarioregionaldigital.com.br\/index.php?rest_route=%2Fwp%2Fv2%2Fmedia&parent=131258"}],"wp:term":[{"taxonomy":"category","embeddable":true,"href":"https:\/\/diarioregionaldigital.com.br\/index.php?rest_route=%2Fwp%2Fv2%2Fcategories&post=131258"},{"taxonomy":"post_tag","embeddable":true,"href":"https:\/\/diarioregionaldigital.com.br\/index.php?rest_route=%2Fwp%2Fv2%2Ftags&post=131258"}],"curies":[{"name":"wp","href":"https:\/\/api.w.org\/{rel}","templated":true}]}}