{"id":131243,"date":"2019-01-17T15:02:15","date_gmt":"2019-01-17T17:02:15","guid":{"rendered":"https:\/\/diarioregionaldigital.com.br\/?p=131243"},"modified":"2019-01-17T15:02:15","modified_gmt":"2019-01-17T17:02:15","slug":"prefeitura-intensifica-acoes-de-combate-ao-aedes-aegypti","status":"publish","type":"post","link":"https:\/\/diarioregionaldigital.com.br\/?p=131243","title":{"rendered":"Prefeitura intensifica a\u00e7\u00f5es de combate ao Aedes aegypti"},"content":{"rendered":"<p>O primeiro Levantamento do \u00cdndice R\u00e1pido do Aedes aegypti (LIRAa) de 2019, realizado pela Secretaria de Sa\u00fade (SS) entre os dias 7 e 11 deste m\u00eas, apontou \u00edndice de infesta\u00e7\u00e3o de 3,7, considerado \u201cestado de alerta\u201d pelo Minist\u00e9rio da Sa\u00fade (classifica\u00e7\u00e3o quando o resultado fica entre 1 e 3,9). Foram visitados 6.063 im\u00f3veis em 221 bairros. O \u00edndice caiu 0,2 se compararmos com o primeiro LIRAa de 2018, que registrou 3,9. O n\u00famero de casos confirmados de dengue em Juiz de Fora, no entanto, apontam para uma situa\u00e7\u00e3o de controle. Em 2018, foram notificados 232 casos na cidade, com 97 confirmados e nenhum \u00f3bito. Os bairros onde foram encontrados os maiores n\u00fameros de focos positivos s\u00e3o Dom Bosco (11), Nova Benfica e Monte Castelo (cada um com oito), Retiro (sete) e Mariano Proc\u00f3pio, Aracy, Jardim de Al\u00e1 (seis cada).<\/p>\n<p>Cerca de 90% dos focos continuam sendo encontrados dentro das resid\u00eancias e em estabelecimentos comerciais. \u201cEste resultado mostra, mais uma vez, a necessidade da popula\u00e7\u00e3o colocar em pr\u00e1tica os dez minutos contra o Aedes. Para garantir a sa\u00fade de sua fam\u00edlia e de sua comunidade, basta fazer uma checagem de cerca de dez minutos nos locais onde ele costuma colocar seus ovos. Esta rotina tem que ser semanal, pois este \u00e9 o per\u00edodo de que o Aedes aegypti precisa para se desenvolver e passar da fase de ovo para a de mosquito adulto. Se a verifica\u00e7\u00e3o e elimina\u00e7\u00e3o dos criadouros forem realizadas uma vez por semana, o ciclo \u00e9 interrompido, evitando o nascimento de novos mosquitos\u201d, explica o subsecret\u00e1rio de Vigil\u00e2ncia em Sa\u00fade, Rodrigo Almeida.<br \/>\nOs principais dep\u00f3sitos de larvas encontrados durante o trabalho de campo foram vasos, frascos com \u00e1gua, pratos, pingadeiras, bebedouros e fontes ornamentais (23,2% dos focos); lixos, sucatas em p\u00e1tio, ferro velho, reciclados e entulhos (21% dos focos); tanques, borracharias, hortas, calhas, lajes, sanit\u00e1rios em desuso, piscinas n\u00e3o tratadas, floreiras (20,3% dos focos); barril, tina, tambor, po\u00e7o (14,5%); pneus e outros materiais rodantes (10,1% dos focos). Um \u00edndice registrado neste levantamento que chamou aten\u00e7\u00e3o da Secretaria de Sa\u00fade foi o aumento dos focos em folhas de brom\u00e9lias, com 7,6% dos focos.<\/p>\n<p><b>Blitze<\/b><\/p>\n<p>A SS est\u00e1 com v\u00e1rias frentes de trabalho para combater o Aedes. Duas blitze educativas &#8211; com participa\u00e7\u00e3o da Defesa Civil, Guarda Municipal, Settra, equipe de Educa\u00e7\u00e3o em Sa\u00fade e de outros \u00f3rg\u00e3os &#8211; ser\u00e3o realizadas na pr\u00f3xima semana: uma no pr\u00f3ximo dia 23, das 9 \u00e0s 11 horas, em frente ao 27\u00ba batalh\u00e3o da PMMG, localizado na Av. Presidente Juscelino Kubitschek, 4011; e outra no dia 24, tamb\u00e9m das 9 \u00e0s 11 horas, em frente \u00e0 Unipac, localizada na Av. Juiz de Fora, 1100, Bairro Granjas Bet\u00e2nia.<\/p>\n<p><b>Palestras educativas<\/b><\/p>\n<p>A equipe de Educa\u00e7\u00e3o em Sa\u00fade da Prefeitura de Juiz de Fora (PJF) est\u00e1 agendando uma s\u00e9rie de palestras educativas em empresas, hospitais, clubes e centros comerciais da cidade, com o objetivo de sensibilizar estes setores para o combate ao Aedes. Interessados em agendar uma palestra para os seus funcion\u00e1rios podem ligar para 3690-7534 ou enviar e-mail para o endere\u00e7o educasaude@pjf.mg.gov.br.<\/p>\n<p>Na pr\u00f3xima ter\u00e7a-feira, 22, a partir das 8 horas, a equipe de Educa\u00e7\u00e3o em Sa\u00fade realizar\u00e1 palestra na sala de espera da Ascomcer. J\u00e1 as a\u00e7\u00f5es em escolas municipais &#8211; como teatros e palestras &#8211; ser\u00e3o retomadas assim que o ano letivo come\u00e7ar.<\/p>\n<p><b>Ex\u00e9rcito nas ruas<\/b><\/p>\n<p>Cerca de 240 homens do Ex\u00e9rcito, al\u00e9m de ve\u00edculos e caminh\u00f5es, refor\u00e7am o trabalho dos agentes de combate a endemias, e tamb\u00e9m fazem omonitoramento dos pontos estrat\u00e9gicos e nas a\u00e7\u00f5es extras, como recolhimento de pneus, um dos principais vil\u00f5es na prolifera\u00e7\u00e3o do mosquito. Eles v\u00e3o atuar at\u00e9 abril deste ano.<\/p>\n<p><b>Sala de Opera\u00e7\u00f5es<\/b><\/p>\n<p>V\u00e1rios setores da Prefeitura de Juiz de Fora (PJF) est\u00e3o trabalhando em conjunto por meio da Sala de Opera\u00e7\u00f5es, que funciona como um \u201cbra\u00e7o operacional\u201d que avalia as den\u00fancias efetuadas no \u201cDisque Dengue\u201d, atrav\u00e9s do n\u00famero 199, e realiza a distribui\u00e7\u00e3o do trabalho. O plano extrapola a divis\u00e3o de secretarias. \u00c9 um trabalho conjunto, integrado, que tem como objetivo aproveitar as funcionalidades que cada pasta pode oferecer em prol do controle vetorial, que diz respeito \u00e0s medidas efetuadas para controlar o fluxo de transmiss\u00e3o, combatendo o mosquito.<\/p>\n<p>&nbsp;<\/p>\n<p>Fonte: PJF<\/p>\n","protected":false},"excerpt":{"rendered":"<p>O primeiro Levantamento do \u00cdndice R\u00e1pido do Aedes aegypti (LIRAa) de 2019, realizado pela Secretaria de Sa\u00fade (SS) entre os dias 7 e 11 deste m\u00eas, apontou \u00edndice de infesta\u00e7\u00e3o de 3,7, considerado \u201cestado de alerta\u201d pelo Minist\u00e9rio da Sa\u00fade (classifica\u00e7\u00e3o quando o resultado fica entre 1 e 3,9). Foram visitados 6.063 im\u00f3veis em 221 [&hellip;]<\/p>\n","protected":false},"author":96,"featured_media":131244,"comment_status":"closed","ping_status":"closed","sticky":false,"template":"","format":"standard","meta":{"footnotes":""},"categories":[253,436,262,439],"tags":[],"class_list":["post-131243","post","type-post","status-publish","format-standard","has-post-thumbnail","hentry","category-cidade","category-destaque-da-semana","category-noticias","category-ultima-hora"],"_links":{"self":[{"href":"https:\/\/diarioregionaldigital.com.br\/index.php?rest_route=\/wp\/v2\/posts\/131243","targetHints":{"allow":["GET"]}}],"collection":[{"href":"https:\/\/diarioregionaldigital.com.br\/index.php?rest_route=\/wp\/v2\/posts"}],"about":[{"href":"https:\/\/diarioregionaldigital.com.br\/index.php?rest_route=\/wp\/v2\/types\/post"}],"author":[{"embeddable":true,"href":"https:\/\/diarioregionaldigital.com.br\/index.php?rest_route=\/wp\/v2\/users\/96"}],"replies":[{"embeddable":true,"href":"https:\/\/diarioregionaldigital.com.br\/index.php?rest_route=%2Fwp%2Fv2%2Fcomments&post=131243"}],"version-history":[{"count":0,"href":"https:\/\/diarioregionaldigital.com.br\/index.php?rest_route=\/wp\/v2\/posts\/131243\/revisions"}],"wp:featuredmedia":[{"embeddable":true,"href":"https:\/\/diarioregionaldigital.com.br\/index.php?rest_route=\/wp\/v2\/media\/131244"}],"wp:attachment":[{"href":"https:\/\/diarioregionaldigital.com.br\/index.php?rest_route=%2Fwp%2Fv2%2Fmedia&parent=131243"}],"wp:term":[{"taxonomy":"category","embeddable":true,"href":"https:\/\/diarioregionaldigital.com.br\/index.php?rest_route=%2Fwp%2Fv2%2Fcategories&post=131243"},{"taxonomy":"post_tag","embeddable":true,"href":"https:\/\/diarioregionaldigital.com.br\/index.php?rest_route=%2Fwp%2Fv2%2Ftags&post=131243"}],"curies":[{"name":"wp","href":"https:\/\/api.w.org\/{rel}","templated":true}]}}