{"id":131240,"date":"2019-01-17T14:28:19","date_gmt":"2019-01-17T16:28:19","guid":{"rendered":"https:\/\/diarioregionaldigital.com.br\/?p=131240"},"modified":"2019-01-17T14:53:07","modified_gmt":"2019-01-17T16:53:07","slug":"metade-dos-usuarios-do-facebook-nao-gosta-de-uso-de-dados-para-anuncio","status":"publish","type":"post","link":"https:\/\/diarioregionaldigital.com.br\/?p=131240","title":{"rendered":"Metade dos usu\u00e1rios do Facebook n\u00e3o gosta de uso de dados para an\u00fancio"},"content":{"rendered":"<p>Metade dos usu\u00e1rios do Facebook entrevistados em uma pesquisa afirmou\u00a0que n\u00e3o se sente\u00a0confort\u00e1vel\u00a0com a forma como seus dados s\u00e3o usados para a constru\u00e7\u00e3o de perfis pela rede social. A sistematiza\u00e7\u00e3o de prefer\u00eancias \u00e9 chave do modelo de publicidade da empresa, que vende aos anunciantes a difus\u00e3o de conte\u00fados promocionais com alta capacidade de segmenta\u00e7\u00e3o.<\/p>\n<p>O levantamento foi feito\u00a0pelo Pew Research Center, um dos mais conhecidos institutos de pesquisa sobre tecnologias da informa\u00e7\u00e3o e comunica\u00e7\u00e3o do mundo, sediado nos Estados Unidos. O estudo analisou o conhecimento e o sentimento de usu\u00e1rios da plataforma quanto ao tratamento de seus dados para diversas finalidades, como a segmenta\u00e7\u00e3o de an\u00fancios.<\/p>\n<p>Al\u00e9m do desconforto com o tratamento de seus dados, 74% das pessoas ouvidas relataram n\u00e3o saber que o site mantinha a lista dos seus interesses dispon\u00edvel a eles. Esse conjunto de gostos e op\u00e7\u00f5es sistematizados pode ser acessada pelo recurso\u00a0chamado\u00a0\u201cSuas prefer\u00eancias de an\u00fancios\u201d. Essa p\u00e1gina elenca os interesses registrados pelo Facebook e que s\u00e3o usados para o direcionamento de conte\u00fados pagos a cada usu\u00e1rio.<\/p>\n<p>Quando direcionados a essa p\u00e1gina, 59% dos entrevistados informaram que as prefer\u00eancias guardavam rela\u00e7\u00e3o com suas atividades, e\u00a027% n\u00e3o viram qualquer semelhan\u00e7a entre os t\u00f3picos e seus estilos de vida e gostos. No caso de dois tipos de prefer\u00eancias, \u201caprendizados pol\u00edticos\u201d e \u201cafinidades \u00e9tnico-raciais\u201d, mais pessoas concordaram com a caracteriza\u00e7\u00e3o da rede social nesses casos do que discordaram. Ainda assim, mesmo com o conjunto de informa\u00e7\u00f5es coletadas, 27% das pessoas relacionadas a algum partido na lista de prefer\u00eancias disseram que a leitura estava equivocada.<\/p>\n<p>Na categoria de afinidades \u00e9tnico-raciais (que mede n\u00e3o a cor ou identidade \u00e9tnico-racial da pessoa, mas sua \u201cafinidade\u201d com grupos), 61% dos usu\u00e1rios enquadrados nessa categoria relataram que a classifica\u00e7\u00e3o realizada pela rede social corresponde \u00e0s suas prefer\u00eancias. J\u00e1 o restante apontou uma leitura incorreta da plataforma sobre suas inclina\u00e7\u00f5es em rela\u00e7\u00e3o a este tema.<\/p>\n<p>Por outro lado, quando perguntados se haviam ajustados suas configura\u00e7\u00f5es de privacidade, 61% informaram que sim, contra 38% negando. Isso pode indicar que apesar do desconhecimento da classifica\u00e7\u00e3o, parte importante dos usu\u00e1rios consultados j\u00e1 incorporou\u00a0a pr\u00e1tica de utilizar esses comandos. J\u00e1 a iniciativa de baixar os dados armazenados pelo Facebook, recurso disponibilizado pela plataforma, ainda \u00e9 pouco comum. Apenas 10% dos ouvidos relataram\u00a0ter\u00a0feito isso no \u00faltimo ano.<\/p>\n<h2>Segmenta\u00e7\u00e3o<\/h2>\n<p>O estudo tamb\u00e9m levantou quantas categorias de prefer\u00eancias os usu\u00e1rios t\u00eam. Este \u00e9 um indicador do grau de segmenta\u00e7\u00e3o dos interesses promovido pelos sistemas informatizados do site. Do total dos ouvidos no estudo, 60% responderam\u00a0ter\u00a0inclina\u00e7\u00f5es divididas em 10 ou mais categorias, sendo 27% em 10 a 20 categorias e 33% em 20 ou mais categorias. Entre os que possuem menos de 10, 27% relataram estar nessa condi\u00e7\u00e3o e 11% registraram n\u00e3o\u00a0terem em suas p\u00e1ginas qualquer categoria.<\/p>\n<h2>M\u00e9todo<\/h2>\n<p>Foram ouvidos 963 usu\u00e1rios do Facebook com 18 anos ou mais, residentes nos Estados Unidos. Destes, 56% informaram usar o aplicativo v\u00e1rias vezes ao dia e 25%, pelo menos uma vez ao dia. Por volta de 80% dos participantes est\u00e3o na plataforma h\u00e1 pelo menos cinco anos.<\/p>\n<p>&nbsp;<\/p>\n<p>Fonte: Ag\u00eancia Brasil<\/p>\n","protected":false},"excerpt":{"rendered":"<p>Metade dos usu\u00e1rios do Facebook entrevistados em uma pesquisa afirmou\u00a0que n\u00e3o se sente\u00a0confort\u00e1vel\u00a0com a forma como seus dados s\u00e3o usados para a constru\u00e7\u00e3o de perfis pela rede social. A sistematiza\u00e7\u00e3o de prefer\u00eancias \u00e9 chave do modelo de publicidade da empresa, que vende aos anunciantes a difus\u00e3o de conte\u00fados promocionais com alta capacidade de segmenta\u00e7\u00e3o. O [&hellip;]<\/p>\n","protected":false},"author":96,"featured_media":131242,"comment_status":"closed","ping_status":"closed","sticky":false,"template":"","format":"standard","meta":{"footnotes":""},"categories":[302,436,262,439],"tags":[],"class_list":["post-131240","post","type-post","status-publish","format-standard","has-post-thumbnail","hentry","category-brasil-mundo","category-destaque-da-semana","category-noticias","category-ultima-hora"],"_links":{"self":[{"href":"https:\/\/diarioregionaldigital.com.br\/index.php?rest_route=\/wp\/v2\/posts\/131240","targetHints":{"allow":["GET"]}}],"collection":[{"href":"https:\/\/diarioregionaldigital.com.br\/index.php?rest_route=\/wp\/v2\/posts"}],"about":[{"href":"https:\/\/diarioregionaldigital.com.br\/index.php?rest_route=\/wp\/v2\/types\/post"}],"author":[{"embeddable":true,"href":"https:\/\/diarioregionaldigital.com.br\/index.php?rest_route=\/wp\/v2\/users\/96"}],"replies":[{"embeddable":true,"href":"https:\/\/diarioregionaldigital.com.br\/index.php?rest_route=%2Fwp%2Fv2%2Fcomments&post=131240"}],"version-history":[{"count":0,"href":"https:\/\/diarioregionaldigital.com.br\/index.php?rest_route=\/wp\/v2\/posts\/131240\/revisions"}],"wp:featuredmedia":[{"embeddable":true,"href":"https:\/\/diarioregionaldigital.com.br\/index.php?rest_route=\/wp\/v2\/media\/131242"}],"wp:attachment":[{"href":"https:\/\/diarioregionaldigital.com.br\/index.php?rest_route=%2Fwp%2Fv2%2Fmedia&parent=131240"}],"wp:term":[{"taxonomy":"category","embeddable":true,"href":"https:\/\/diarioregionaldigital.com.br\/index.php?rest_route=%2Fwp%2Fv2%2Fcategories&post=131240"},{"taxonomy":"post_tag","embeddable":true,"href":"https:\/\/diarioregionaldigital.com.br\/index.php?rest_route=%2Fwp%2Fv2%2Ftags&post=131240"}],"curies":[{"name":"wp","href":"https:\/\/api.w.org\/{rel}","templated":true}]}}