{"id":131237,"date":"2019-01-17T14:20:37","date_gmt":"2019-01-17T16:20:37","guid":{"rendered":"https:\/\/diarioregionaldigital.com.br\/?p=131237"},"modified":"2019-01-17T14:20:37","modified_gmt":"2019-01-17T16:20:37","slug":"bolsonaro-rebate-criticas-ao-decreto-da-posse-de-armas","status":"publish","type":"post","link":"https:\/\/diarioregionaldigital.com.br\/?p=131237","title":{"rendered":"Bolsonaro rebate cr\u00edticas ao decreto da posse de armas"},"content":{"rendered":"<p>O presidente Jair Bolsonaro disse nesta quinta-feira, 17, em sua conta no Twitter, que \u201cmuitas fal\u00e1cias\u201d est\u00e3o sendo usadas \u201ca respeito da posse de armas\u201d. Ele\u00a0assinou decreto que flexibiliza a posse de armas\u00a0de fogo no pa\u00eds na ter\u00e7a-feira (15), em cerim\u00f4nia no Pal\u00e1cio do Planalto.<\/p>\n<p>\u201cMuitas fal\u00e1cias sendo usadas a respeito da posse de armas. A pior delas conclui que a iniciativa n\u00e3o resolve o problema da seguran\u00e7a p\u00fablica. Ignorando o principal prop\u00f3sito, que \u00e9 \u201ciniciar \u201d o processo de assegurar o direito inviol\u00e1vel \u00e0 leg\u00edtima defesa\u201d, escreveu.<\/p>\n<p>De acordo com Bolsonaro, medidas para seguran\u00e7a p\u00fablica ainda ser\u00e3o tomadas e propostas. \u201cPara a infelicidade dos que torcem contra, medidas eficientes para seguran\u00e7a p\u00fablica ainda ser\u00e3o tomadas e propostas. Os problemas s\u00e3o profundos, principalmente pelo abandono dos governos anteriores. Mal d\u00e1 pra resolver tudo em 4 anos, quem dir\u00e1 em 15 dias de governo\u201d, afirmou na rede social.<\/p>\n<h2>Crit\u00e9rios<\/h2>\n<p>Segundo o decreto, cidad\u00e3os brasileiros com mais de 25 anos poder\u00e3o comprar at\u00e9 quatro armas de fogo para guardar em casa e dever\u00e3o preencher uma s\u00e9rie de requisitos, como passar por avalia\u00e7\u00e3o psicol\u00f3gica e n\u00e3o ter antecedentes criminais.\u00a0O que muda com o novo decreto\u00a0\u00e9 que n\u00e3o h\u00e1 necessidade de uma justificativa para a posse da arma. Antes esse item era avaliado e ficava a cargo de um delegado da Pol\u00edcia Federal, que poderia aceitar, ou n\u00e3o, o argumento.<\/p>\n<p>Al\u00e9m de militares e agentes p\u00fablicos da \u00e1rea de seguran\u00e7a, ativos e inativos, poder\u00e3o adquirir armas de fogo os moradores de \u00e1reas rural e urbana com \u00edndices de mais de 10 homic\u00eddios por 100 mil habitantes, conforme dados do\u00a0Atlas da Viol\u00eancia 2018, produzido pelo Instituto de Pesquisa Econ\u00f4mica Aplicada (Ipea) e pelo F\u00f3rum Brasileiro de Seguran\u00e7a P\u00fablica.<\/p>\n<p>Donos e respons\u00e1veis por estabelecimentos comerciais ou industriais tamb\u00e9m poder\u00e3o adquirir o armamento, assim como colecionadores de armas, atiradores e ca\u00e7adores, devidamente registrados no Comando do Ex\u00e9rcito.<\/p>\n<p>Fonte: Ag\u00eancia Brasil<\/p>\n","protected":false},"excerpt":{"rendered":"<p>O presidente Jair Bolsonaro disse nesta quinta-feira, 17, em sua conta no Twitter, que \u201cmuitas fal\u00e1cias\u201d est\u00e3o sendo usadas \u201ca respeito da posse de armas\u201d. Ele\u00a0assinou decreto que flexibiliza a posse de armas\u00a0de fogo no pa\u00eds na ter\u00e7a-feira (15), em cerim\u00f4nia no Pal\u00e1cio do Planalto. \u201cMuitas fal\u00e1cias sendo usadas a respeito da posse de armas. [&hellip;]<\/p>\n","protected":false},"author":96,"featured_media":131238,"comment_status":"closed","ping_status":"closed","sticky":false,"template":"","format":"standard","meta":{"footnotes":""},"categories":[302,436,262,439],"tags":[],"class_list":["post-131237","post","type-post","status-publish","format-standard","has-post-thumbnail","hentry","category-brasil-mundo","category-destaque-da-semana","category-noticias","category-ultima-hora"],"_links":{"self":[{"href":"https:\/\/diarioregionaldigital.com.br\/index.php?rest_route=\/wp\/v2\/posts\/131237","targetHints":{"allow":["GET"]}}],"collection":[{"href":"https:\/\/diarioregionaldigital.com.br\/index.php?rest_route=\/wp\/v2\/posts"}],"about":[{"href":"https:\/\/diarioregionaldigital.com.br\/index.php?rest_route=\/wp\/v2\/types\/post"}],"author":[{"embeddable":true,"href":"https:\/\/diarioregionaldigital.com.br\/index.php?rest_route=\/wp\/v2\/users\/96"}],"replies":[{"embeddable":true,"href":"https:\/\/diarioregionaldigital.com.br\/index.php?rest_route=%2Fwp%2Fv2%2Fcomments&post=131237"}],"version-history":[{"count":0,"href":"https:\/\/diarioregionaldigital.com.br\/index.php?rest_route=\/wp\/v2\/posts\/131237\/revisions"}],"wp:featuredmedia":[{"embeddable":true,"href":"https:\/\/diarioregionaldigital.com.br\/index.php?rest_route=\/wp\/v2\/media\/131238"}],"wp:attachment":[{"href":"https:\/\/diarioregionaldigital.com.br\/index.php?rest_route=%2Fwp%2Fv2%2Fmedia&parent=131237"}],"wp:term":[{"taxonomy":"category","embeddable":true,"href":"https:\/\/diarioregionaldigital.com.br\/index.php?rest_route=%2Fwp%2Fv2%2Fcategories&post=131237"},{"taxonomy":"post_tag","embeddable":true,"href":"https:\/\/diarioregionaldigital.com.br\/index.php?rest_route=%2Fwp%2Fv2%2Ftags&post=131237"}],"curies":[{"name":"wp","href":"https:\/\/api.w.org\/{rel}","templated":true}]}}