{"id":131228,"date":"2019-01-17T13:51:24","date_gmt":"2019-01-17T15:51:24","guid":{"rendered":"https:\/\/diarioregionaldigital.com.br\/?p=131228"},"modified":"2019-01-17T13:51:24","modified_gmt":"2019-01-17T15:51:24","slug":"pjf-realiza-pagamento-da-primeira-parcela-do-13-salario-nesta-sexta-feira","status":"publish","type":"post","link":"https:\/\/diarioregionaldigital.com.br\/?p=131228","title":{"rendered":"PJF realiza pagamento da primeira parcela do 13\u00b0 sal\u00e1rio nesta sexta-feira"},"content":{"rendered":"<p>A Prefeitura de Juiz de Fora (PJF) realizar\u00e1 nesta sexta-feira, 18, o pagamento da primeira parcela do 13\u00b0 sal\u00e1rio. Os servidores j\u00e1 podem acessar o contracheque no portal\u00a0<a href=\"https:\/\/www.pjf.mg.gov.br\/contracheque\/login.php\">pjf.mg.gov.br<\/a>. Como j\u00e1 havia sido anunciado em dezembro pelo prefeito Ant\u00f4nio Almas, a segunda parcela ser\u00e1 paga em 15 de fevereiro.<\/p>\n<p>Na ocasi\u00e3o da divulga\u00e7\u00e3o do calend\u00e1rio do pagamento, Almas destacou que as dificuldades de pagamento est\u00e3o relacionadas \u00e0 aus\u00eancia de repasses do Governo do estado ao munic\u00edpio, que chegam a quase R$ 200 milh\u00f5es, entre resolu\u00e7\u00f5es e conv\u00eanios da sa\u00fade e repasses do Imposto sobre Circula\u00e7\u00e3o de Mercadorias e Servi\u00e7os (ICMS), Fundo de Manuten\u00e7\u00e3o e Desenvolvimento da Educa\u00e7\u00e3o B\u00e1sica (Fundeb) e Imposto sobre Propriedade de Ve\u00edculos Automotores (IPVA). No caso dos repasses constitucionais (ICMS, Fundeb e IPVA), a soma \u00e9 de R$ 63 milh\u00f5es. Somente o atraso do Fundeb, relacionado \u00e0 educa\u00e7\u00e3o, \u00e9 de quase R$ 50 milh\u00f5es, o que equivale a uma folha inteira do funcionalismo municipal.<\/p>\n<p>O secret\u00e1rio da Fazenda da PJF, F\u00falvio Albertoni, explicou que quase a metade dos servidores do munic\u00edpio j\u00e1 recebeu 50% da gratifica\u00e7\u00e3o natalina, quando oficializaram suas f\u00e9rias do ano, como \u00e9 permitido pela legisla\u00e7\u00e3o: \u201cEles, agora, receber\u00e3o a segunda metade em 15 de fevereiro. Aqueles que n\u00e3o requisitaram a metade do 13\u00ba nas f\u00e9rias receber\u00e3o o valor total, dividido nas duas parcelas\u201d.<\/p>\n<p>&nbsp;<\/p>\n<p>Fonte: PJF<\/p>\n","protected":false},"excerpt":{"rendered":"<p>A Prefeitura de Juiz de Fora (PJF) realizar\u00e1 nesta sexta-feira, 18, o pagamento da primeira parcela do 13\u00b0 sal\u00e1rio. Os servidores j\u00e1 podem acessar o contracheque no portal\u00a0pjf.mg.gov.br. Como j\u00e1 havia sido anunciado em dezembro pelo prefeito Ant\u00f4nio Almas, a segunda parcela ser\u00e1 paga em 15 de fevereiro. Na ocasi\u00e3o da divulga\u00e7\u00e3o do calend\u00e1rio do [&hellip;]<\/p>\n","protected":false},"author":96,"featured_media":129885,"comment_status":"closed","ping_status":"closed","sticky":false,"template":"","format":"standard","meta":{"footnotes":""},"categories":[253,436,262,439],"tags":[],"class_list":["post-131228","post","type-post","status-publish","format-standard","has-post-thumbnail","hentry","category-cidade","category-destaque-da-semana","category-noticias","category-ultima-hora"],"_links":{"self":[{"href":"https:\/\/diarioregionaldigital.com.br\/index.php?rest_route=\/wp\/v2\/posts\/131228","targetHints":{"allow":["GET"]}}],"collection":[{"href":"https:\/\/diarioregionaldigital.com.br\/index.php?rest_route=\/wp\/v2\/posts"}],"about":[{"href":"https:\/\/diarioregionaldigital.com.br\/index.php?rest_route=\/wp\/v2\/types\/post"}],"author":[{"embeddable":true,"href":"https:\/\/diarioregionaldigital.com.br\/index.php?rest_route=\/wp\/v2\/users\/96"}],"replies":[{"embeddable":true,"href":"https:\/\/diarioregionaldigital.com.br\/index.php?rest_route=%2Fwp%2Fv2%2Fcomments&post=131228"}],"version-history":[{"count":0,"href":"https:\/\/diarioregionaldigital.com.br\/index.php?rest_route=\/wp\/v2\/posts\/131228\/revisions"}],"wp:featuredmedia":[{"embeddable":true,"href":"https:\/\/diarioregionaldigital.com.br\/index.php?rest_route=\/wp\/v2\/media\/129885"}],"wp:attachment":[{"href":"https:\/\/diarioregionaldigital.com.br\/index.php?rest_route=%2Fwp%2Fv2%2Fmedia&parent=131228"}],"wp:term":[{"taxonomy":"category","embeddable":true,"href":"https:\/\/diarioregionaldigital.com.br\/index.php?rest_route=%2Fwp%2Fv2%2Fcategories&post=131228"},{"taxonomy":"post_tag","embeddable":true,"href":"https:\/\/diarioregionaldigital.com.br\/index.php?rest_route=%2Fwp%2Fv2%2Ftags&post=131228"}],"curies":[{"name":"wp","href":"https:\/\/api.w.org\/{rel}","templated":true}]}}