{"id":131195,"date":"2019-01-17T08:10:20","date_gmt":"2019-01-17T10:10:20","guid":{"rendered":"https:\/\/diarioregionaldigital.com.br\/?p=131195"},"modified":"2019-01-17T18:22:58","modified_gmt":"2019-01-17T20:22:58","slug":"museu-de-marmelos-zero-e-reaberto-para-visitacao","status":"publish","type":"post","link":"https:\/\/diarioregionaldigital.com.br\/?p=131195","title":{"rendered":"Museu de Marmelos Zero \u00e9 reaberto para visita\u00e7\u00e3o"},"content":{"rendered":"<p>Neste s\u00e1bado, 19, o Museu Marmelos Zero, em Juiz de Fora reabre para a popula\u00e7\u00e3o juiz-forana. O acervo vai funcionar duas vezes por m\u00eas, sempre \u00e0s sextas-feiras e aos s\u00e1bados, para receber os visitantes.<\/p>\n<p>Incorporada pela Cemig, a Usina de Marmelos foi constru\u00edda em 1889 pela Companhia Mineira de Eletricidade.\u00a0Segundo pesquisadores, o fornecimento de energia el\u00e9trica, ap\u00f3s a constru\u00e7\u00e3o da rodovia Uni\u00e3o Ind\u00fastria em meados do s\u00e9culo XIX, serviu como a nova for\u00e7a motriz para a ind\u00fastria da cidade, junto com outros avan\u00e7os no setor de transportes, financeiro e educacional.<\/p>\n<p>A restaura\u00e7\u00e3o realizada pela Cemig contemplou as \u00e1reas externas e internas da instala\u00e7\u00e3o, incluindo tratamento do piso, manuten\u00e7\u00e3o na instala\u00e7\u00e3o el\u00e9trica, execu\u00e7\u00e3o de pintura, manuten\u00e7\u00e3o da cobertura e instala\u00e7\u00e3o de placa no topo do telhado. A obra incluiu tamb\u00e9m a constru\u00e7\u00e3o de uma passarela de pedestres, para facilitar o acesso aos visitantes.<\/p>\n<p>Al\u00e9m do Museu, tamb\u00e9m haver\u00e1 a reabertura do pr\u00e9dio do Memorial da Energia, localizado no complexo da Usina de Marmelos. As visita\u00e7\u00f5es, que s\u00e3o abertas ao p\u00fablico e a grupos pr\u00e9-agendados, s\u00e3o um atrativo para estudantes, historiadores e pessoas interessadas em conhecer o complexo hist\u00f3rico tombado pelo Instituto Estadual do Patrim\u00f4nio Hist\u00f3rico e Art\u00edstico (Iepha).<\/p>\n","protected":false},"excerpt":{"rendered":"<p>Neste s\u00e1bado, 19, o Museu Marmelos Zero, em Juiz de Fora reabre para a popula\u00e7\u00e3o juiz-forana. O acervo vai funcionar duas vezes por m\u00eas, sempre \u00e0s sextas-feiras e aos s\u00e1bados, para receber os visitantes. Incorporada pela Cemig, a Usina de Marmelos foi constru\u00edda em 1889 pela Companhia Mineira de Eletricidade.\u00a0Segundo pesquisadores, o fornecimento de energia [&hellip;]<\/p>\n","protected":false},"author":96,"featured_media":131275,"comment_status":"closed","ping_status":"closed","sticky":false,"template":"","format":"standard","meta":{"footnotes":""},"categories":[253,436,440,439],"tags":[],"class_list":["post-131195","post","type-post","status-publish","format-standard","has-post-thumbnail","hentry","category-cidade","category-destaque-da-semana","category-destaques-do-dia","category-ultima-hora"],"_links":{"self":[{"href":"https:\/\/diarioregionaldigital.com.br\/index.php?rest_route=\/wp\/v2\/posts\/131195","targetHints":{"allow":["GET"]}}],"collection":[{"href":"https:\/\/diarioregionaldigital.com.br\/index.php?rest_route=\/wp\/v2\/posts"}],"about":[{"href":"https:\/\/diarioregionaldigital.com.br\/index.php?rest_route=\/wp\/v2\/types\/post"}],"author":[{"embeddable":true,"href":"https:\/\/diarioregionaldigital.com.br\/index.php?rest_route=\/wp\/v2\/users\/96"}],"replies":[{"embeddable":true,"href":"https:\/\/diarioregionaldigital.com.br\/index.php?rest_route=%2Fwp%2Fv2%2Fcomments&post=131195"}],"version-history":[{"count":0,"href":"https:\/\/diarioregionaldigital.com.br\/index.php?rest_route=\/wp\/v2\/posts\/131195\/revisions"}],"wp:featuredmedia":[{"embeddable":true,"href":"https:\/\/diarioregionaldigital.com.br\/index.php?rest_route=\/wp\/v2\/media\/131275"}],"wp:attachment":[{"href":"https:\/\/diarioregionaldigital.com.br\/index.php?rest_route=%2Fwp%2Fv2%2Fmedia&parent=131195"}],"wp:term":[{"taxonomy":"category","embeddable":true,"href":"https:\/\/diarioregionaldigital.com.br\/index.php?rest_route=%2Fwp%2Fv2%2Fcategories&post=131195"},{"taxonomy":"post_tag","embeddable":true,"href":"https:\/\/diarioregionaldigital.com.br\/index.php?rest_route=%2Fwp%2Fv2%2Ftags&post=131195"}],"curies":[{"name":"wp","href":"https:\/\/api.w.org\/{rel}","templated":true}]}}