{"id":131176,"date":"2019-01-25T06:00:12","date_gmt":"2019-01-25T08:00:12","guid":{"rendered":"https:\/\/diarioregionaldigital.com.br\/?p=131176"},"modified":"2019-01-16T21:02:21","modified_gmt":"2019-01-16T23:02:21","slug":"2019-o-melhor-ano-da-sua-empresa-5a-parte","status":"publish","type":"post","link":"https:\/\/diarioregionaldigital.com.br\/?p=131176","title":{"rendered":"2019, o melhor ano da sua empresa! 5\u00aa parte"},"content":{"rendered":"<p>Ol\u00e1 empreendedores e empreendedoras! Dando sequ\u00eancia \u00e0 s\u00e9rie de dicas e sugest\u00f5es para abrir ou melhorar a sua empresa em 2019, hoje falaremos da import\u00e2ncia de sua rede de contatos.<\/p>\n<p>Voc\u00ea pode pensar em quantos neg\u00f3cios seriam fechados com a sua empresa, ao aumentar a sua rede de contatos profissionais e pessoais?<\/p>\n<p>Para isso \u00e9 preciso que a sua oferta de valor seja percebida, s\u00f3 assim haver\u00e1 a vontade de indicar seus produtos ou servi\u00e7os.<\/p>\n<p>Nenhuma empresa \u00e9 uma ilha, e mesmo as mais antigas de mercado precisam se renovar e reinventar, se mostrar e ampliar essa rede, pois s\u00f3 assim sobreviver\u00e3o.<\/p>\n<p>A presen\u00e7a nas redes sociais pode ser utilizada para aumentar a percep\u00e7\u00e3o de sua empresa, promover sua marca, avisar de novos produtos ou campanhas, e todas as pessoas que est\u00e3o presente em suas redes s\u00e3o potenciais consumidores, isso pode significar mais vendas. Nesse caso, \u00e9 uma rela\u00e7\u00e3o mais distante, pois essa rela\u00e7\u00e3o \u00e9 toda virtual. Mesmo que n\u00e3o haja venda direta nesse canal, \u00e9 preciso estabelecer-se, mostrar-se ao mercado.<\/p>\n<p>Estar presente de forma virtual, com site, blog, sites de armazenamento de v\u00eddeos (Youtube ou kwai, por exemplo), \u00e9 muito v\u00e1lido, desde que haja intera\u00e7\u00e3o, e no caso virtual, as respostas precisam ser as mais r\u00e1pidas poss\u00edveis.<\/p>\n<p>Como nosso foco \u00e9 gerar neg\u00f3cio, que tal aumentar a sua base de prospects?<\/p>\n<p>Existem feiras espec\u00edficas ou relacionadas ao seu neg\u00f3cio, compare\u00e7a e troque cart\u00f5es (Isso parece b\u00e1sico e vejo muita gente n\u00e3o levando cart\u00f5es para os eventos). Almo\u00e7os ou caf\u00e9s empresariais s\u00e3o uma excelente fonte de prospects regionais, uma vez que s\u00e3o mais voltadas aos empreendedores regionais. Existem grupos de debates em redes sociais, estas mais voltadas a profissionais, como o LinkedIn, por exemplo. Cursos presenciais de \u00e1reas correlatas ou at\u00e9 de \u00e1reas onde seus clientes est\u00e3o, o que vale \u00e9 fazer network. Palestras e workshops funcionam bem, podem gerar outras percep\u00e7\u00f5es.<\/p>\n<p>Lembre-se que pessoas gostam de pessoas. Somos seres sociais por natureza. E ao optar por estar presente nos eventos, lembre-se de deixar uma impress\u00e3o excelente sobre voc\u00ea e sua empresa. Estar uniformizado, barbeado\/maquiada, com roupas adequadas, sempre sol\u00edcito e bem disposto, falar somente coisas positivas e sempre com sorriso no rosto fazem a diferen\u00e7a.<\/p>\n<p>Uma coisa eu garanto: fa\u00e7a isso e seus resultados v\u00e3o melhorar! Desejo sa\u00fade, paz e prosperidade. At\u00e9 breve.<\/p>\n<p><img loading=\"lazy\" decoding=\"async\" class=\"size-medium wp-image-105741 alignleft\" src=\"https:\/\/diarioregionaldigital.com.br\/wp-content\/uploads\/2018\/05\/ROG\u00c9RIO-209x300.jpg\" alt=\"\" width=\"209\" height=\"300\" srcset=\"https:\/\/diarioregionaldigital.com.br\/wp-content\/uploads\/2018\/05\/ROG\u00c9RIO-209x300.jpg 209w, https:\/\/diarioregionaldigital.com.br\/wp-content\/uploads\/2018\/05\/ROG\u00c9RIO.jpg 313w\" sizes=\"auto, (max-width: 209px) 100vw, 209px\" \/><\/p>\n<p>&nbsp;<\/p>\n<p>&nbsp;<\/p>\n<p>&nbsp;<\/p>\n<p><strong>Artigo por: Rog\u00e9rio Paschoalino, Administrador, MBA em Administra\u00e7\u00e3o Estrat\u00e9gica, Consultor de Empresas e Diretor do Conselho Jovem da Associa\u00e7\u00e3o Comercial e empresarial de Juiz de Fora.<\/strong><\/p>\n","protected":false},"excerpt":{"rendered":"<p>Ol\u00e1 empreendedores e empreendedoras! Dando sequ\u00eancia \u00e0 s\u00e9rie de dicas e sugest\u00f5es para abrir ou melhorar a sua empresa em 2019, hoje falaremos da import\u00e2ncia de sua rede de contatos. Voc\u00ea pode pensar em quantos neg\u00f3cios seriam fechados com a sua empresa, ao aumentar a sua rede de contatos profissionais e pessoais? Para isso \u00e9 [&hellip;]<\/p>\n","protected":false},"author":96,"featured_media":131182,"comment_status":"closed","ping_status":"closed","sticky":false,"template":"","format":"standard","meta":{"footnotes":""},"categories":[300,436,439],"tags":[],"class_list":["post-131176","post","type-post","status-publish","format-standard","has-post-thumbnail","hentry","category-coaches-club","category-destaque-da-semana","category-ultima-hora"],"_links":{"self":[{"href":"https:\/\/diarioregionaldigital.com.br\/index.php?rest_route=\/wp\/v2\/posts\/131176","targetHints":{"allow":["GET"]}}],"collection":[{"href":"https:\/\/diarioregionaldigital.com.br\/index.php?rest_route=\/wp\/v2\/posts"}],"about":[{"href":"https:\/\/diarioregionaldigital.com.br\/index.php?rest_route=\/wp\/v2\/types\/post"}],"author":[{"embeddable":true,"href":"https:\/\/diarioregionaldigital.com.br\/index.php?rest_route=\/wp\/v2\/users\/96"}],"replies":[{"embeddable":true,"href":"https:\/\/diarioregionaldigital.com.br\/index.php?rest_route=%2Fwp%2Fv2%2Fcomments&post=131176"}],"version-history":[{"count":0,"href":"https:\/\/diarioregionaldigital.com.br\/index.php?rest_route=\/wp\/v2\/posts\/131176\/revisions"}],"wp:featuredmedia":[{"embeddable":true,"href":"https:\/\/diarioregionaldigital.com.br\/index.php?rest_route=\/wp\/v2\/media\/131182"}],"wp:attachment":[{"href":"https:\/\/diarioregionaldigital.com.br\/index.php?rest_route=%2Fwp%2Fv2%2Fmedia&parent=131176"}],"wp:term":[{"taxonomy":"category","embeddable":true,"href":"https:\/\/diarioregionaldigital.com.br\/index.php?rest_route=%2Fwp%2Fv2%2Fcategories&post=131176"},{"taxonomy":"post_tag","embeddable":true,"href":"https:\/\/diarioregionaldigital.com.br\/index.php?rest_route=%2Fwp%2Fv2%2Ftags&post=131176"}],"curies":[{"name":"wp","href":"https:\/\/api.w.org\/{rel}","templated":true}]}}