{"id":131153,"date":"2019-01-16T20:32:15","date_gmt":"2019-01-16T22:32:15","guid":{"rendered":"https:\/\/diarioregionaldigital.com.br\/?p=131153"},"modified":"2019-01-28T18:07:07","modified_gmt":"2019-01-28T20:07:07","slug":"ferias-no-oriente","status":"publish","type":"post","link":"https:\/\/diarioregionaldigital.com.br\/?p=131153","title":{"rendered":"F\u00e9rias no Oriente"},"content":{"rendered":"<p style=\"text-align: center;\">Est\u00e1 sob o c\u00e9u do L\u00edbano a advogada M\u00f4nica Iunes. Dentro do roteiro, ela visitar\u00e1 os familiares em Beirute e ir\u00e1 esticar a viagem at\u00e9 Biblos, patrim\u00f4nio mundial da Unesco, por ser a cidade mais antiga do planeta.<\/p>\n<h4 style=\"text-align: center;\">SEM DIN-DIN<\/h4>\n<p style=\"text-align: center;\">Com muita tristeza, o presidente da Funda\u00e7\u00e3o Casa de Cabangu, em Santos Dumont, Tom\u00e1s Castello Branco, confirmou que o museu fechou as portas recentemente. O motivo \u00e9 a falta de repasse de verba pela Prefeitura de Santos Dumont.<\/p>\n<hr \/>\n<p style=\"text-align: center;\">\n<p style=\"text-align: center;\"><img loading=\"lazy\" decoding=\"async\" class=\"aligncenter wp-image-131155\" src=\"https:\/\/diarioregionaldigital.com.br\/wp-content\/uploads\/2019\/01\/A-1-684x1024.jpg\" alt=\"\" width=\"650\" height=\"974\" srcset=\"https:\/\/diarioregionaldigital.com.br\/wp-content\/uploads\/2019\/01\/A-1-684x1024.jpg 684w, https:\/\/diarioregionaldigital.com.br\/wp-content\/uploads\/2019\/01\/A-1-200x300.jpg 200w, https:\/\/diarioregionaldigital.com.br\/wp-content\/uploads\/2019\/01\/A-1-768x1150.jpg 768w, https:\/\/diarioregionaldigital.com.br\/wp-content\/uploads\/2019\/01\/A-1-360x539.jpg 360w, https:\/\/diarioregionaldigital.com.br\/wp-content\/uploads\/2019\/01\/A-1.jpg 1179w\" sizes=\"auto, (max-width: 650px) 100vw, 650px\" \/>A eterna Miss Brasil Gay, Sheyla Ver\u00edssimo, em deslumbrante produ\u00e7\u00e3o em S\u00e3o Paulo<\/p>\n<p style=\"text-align: center;\"><img loading=\"lazy\" decoding=\"async\" class=\"aligncenter wp-image-131162\" src=\"https:\/\/diarioregionaldigital.com.br\/wp-content\/uploads\/2019\/01\/Juliana-Andreatta.jpg\" alt=\"\" width=\"650\" height=\"437\" srcset=\"https:\/\/diarioregionaldigital.com.br\/wp-content\/uploads\/2019\/01\/Juliana-Andreatta.jpg 960w, https:\/\/diarioregionaldigital.com.br\/wp-content\/uploads\/2019\/01\/Juliana-Andreatta-300x202.jpg 300w, https:\/\/diarioregionaldigital.com.br\/wp-content\/uploads\/2019\/01\/Juliana-Andreatta-768x517.jpg 768w, https:\/\/diarioregionaldigital.com.br\/wp-content\/uploads\/2019\/01\/Juliana-Andreatta-360x242.jpg 360w\" sizes=\"auto, (max-width: 650px) 100vw, 650px\" \/><\/p>\n<p style=\"text-align: center;\">A eterna Miss Brasil Gay, Sheyla Ver\u00edssimo, em deslumbrante produ\u00e7\u00e3o em S\u00e3o Paulo<\/p>\n<p style=\"text-align: center;\"><img loading=\"lazy\" decoding=\"async\" class=\"aligncenter wp-image-131163 size-full\" src=\"https:\/\/diarioregionaldigital.com.br\/wp-content\/uploads\/2019\/01\/Guenda-Cunha-Soares.jpg\" alt=\"\" width=\"960\" height=\"917\" srcset=\"https:\/\/diarioregionaldigital.com.br\/wp-content\/uploads\/2019\/01\/Guenda-Cunha-Soares.jpg 960w, https:\/\/diarioregionaldigital.com.br\/wp-content\/uploads\/2019\/01\/Guenda-Cunha-Soares-300x287.jpg 300w, https:\/\/diarioregionaldigital.com.br\/wp-content\/uploads\/2019\/01\/Guenda-Cunha-Soares-768x734.jpg 768w, https:\/\/diarioregionaldigital.com.br\/wp-content\/uploads\/2019\/01\/Guenda-Cunha-Soares-360x344.jpg 360w\" sizes=\"auto, (max-width: 960px) 100vw, 960px\" \/><\/p>\n<p style=\"text-align: center;\">Fam\u00edlia reunida para social, Lucas Soares, Cl\u00e1udio Soares, Guendalina Cunha Soares e Laura Soares<\/p>\n<p style=\"text-align: center;\"><img loading=\"lazy\" decoding=\"async\" class=\"aligncenter wp-image-131158 size-large\" src=\"https:\/\/diarioregionaldigital.com.br\/wp-content\/uploads\/2019\/01\/D-1-1024x693.jpg\" alt=\"\" width=\"1024\" height=\"693\" srcset=\"https:\/\/diarioregionaldigital.com.br\/wp-content\/uploads\/2019\/01\/D-1-1024x693.jpg 1024w, https:\/\/diarioregionaldigital.com.br\/wp-content\/uploads\/2019\/01\/D-1-300x203.jpg 300w, https:\/\/diarioregionaldigital.com.br\/wp-content\/uploads\/2019\/01\/D-1-768x520.jpg 768w, https:\/\/diarioregionaldigital.com.br\/wp-content\/uploads\/2019\/01\/D-1-360x244.jpg 360w, https:\/\/diarioregionaldigital.com.br\/wp-content\/uploads\/2019\/01\/D-1.jpg 1752w\" sizes=\"auto, (max-width: 1024px) 100vw, 1024px\" \/><\/p>\n<p style=\"text-align: center;\">No Clube D. Pedro II, homens de atitude: Nilton Salgado, Moacir Toledo, Marcelo Britto e Wellington Britto<\/p>\n<p style=\"text-align: center;\"><img loading=\"lazy\" decoding=\"async\" class=\"aligncenter wp-image-131160 size-large\" src=\"https:\/\/diarioregionaldigital.com.br\/wp-content\/uploads\/2019\/01\/F-1-1024x612.jpg\" alt=\"\" width=\"1024\" height=\"612\" srcset=\"https:\/\/diarioregionaldigital.com.br\/wp-content\/uploads\/2019\/01\/F-1-1024x612.jpg 1024w, https:\/\/diarioregionaldigital.com.br\/wp-content\/uploads\/2019\/01\/F-1-300x179.jpg 300w, https:\/\/diarioregionaldigital.com.br\/wp-content\/uploads\/2019\/01\/F-1-768x459.jpg 768w, https:\/\/diarioregionaldigital.com.br\/wp-content\/uploads\/2019\/01\/F-1-360x215.jpg 360w, https:\/\/diarioregionaldigital.com.br\/wp-content\/uploads\/2019\/01\/F-1.jpg 1778w\" sizes=\"auto, (max-width: 1024px) 100vw, 1024px\" \/><\/p>\n<p style=\"text-align: center;\">Focalizando talentos com Carlos Santos e Lucas Medeiros, em Lima Duarte<\/p>\n<p style=\"text-align: center;\"><img loading=\"lazy\" decoding=\"async\" class=\"aligncenter wp-image-131165 size-full\" src=\"https:\/\/diarioregionaldigital.com.br\/wp-content\/uploads\/2019\/01\/S\u00e9rgio-Duque-1.jpg\" alt=\"\" width=\"720\" height=\"960\" srcset=\"https:\/\/diarioregionaldigital.com.br\/wp-content\/uploads\/2019\/01\/S\u00e9rgio-Duque-1.jpg 720w, https:\/\/diarioregionaldigital.com.br\/wp-content\/uploads\/2019\/01\/S\u00e9rgio-Duque-1-225x300.jpg 225w, https:\/\/diarioregionaldigital.com.br\/wp-content\/uploads\/2019\/01\/S\u00e9rgio-Duque-1-360x480.jpg 360w\" sizes=\"auto, (max-width: 720px) 100vw, 720px\" \/><\/p>\n<p style=\"text-align: center;\">O personal Edson Cruz, da Black Fitness, colocando em forma o empres\u00e1rio S\u00e9rgio Duque<\/p>\n","protected":false},"excerpt":{"rendered":"<p>Est\u00e1 sob o c\u00e9u do L\u00edbano a advogada M\u00f4nica Iunes. Dentro do roteiro, ela visitar\u00e1 os familiares em Beirute e ir\u00e1 esticar a viagem at\u00e9 Biblos, patrim\u00f4nio mundial da Unesco, por ser a cidade mais antiga do planeta. SEM DIN-DIN Com muita tristeza, o presidente da Funda\u00e7\u00e3o Casa de Cabangu, em Santos Dumont, Tom\u00e1s Castello [&hellip;]<\/p>\n","protected":false},"author":96,"featured_media":131156,"comment_status":"closed","ping_status":"closed","sticky":false,"template":"","format":"standard","meta":{"footnotes":""},"categories":[436,264,439],"tags":[],"class_list":["post-131153","post","type-post","status-publish","format-standard","has-post-thumbnail","hentry","category-destaque-da-semana","category-eduardo-gomes","category-ultima-hora"],"_links":{"self":[{"href":"https:\/\/diarioregionaldigital.com.br\/index.php?rest_route=\/wp\/v2\/posts\/131153","targetHints":{"allow":["GET"]}}],"collection":[{"href":"https:\/\/diarioregionaldigital.com.br\/index.php?rest_route=\/wp\/v2\/posts"}],"about":[{"href":"https:\/\/diarioregionaldigital.com.br\/index.php?rest_route=\/wp\/v2\/types\/post"}],"author":[{"embeddable":true,"href":"https:\/\/diarioregionaldigital.com.br\/index.php?rest_route=\/wp\/v2\/users\/96"}],"replies":[{"embeddable":true,"href":"https:\/\/diarioregionaldigital.com.br\/index.php?rest_route=%2Fwp%2Fv2%2Fcomments&post=131153"}],"version-history":[{"count":0,"href":"https:\/\/diarioregionaldigital.com.br\/index.php?rest_route=\/wp\/v2\/posts\/131153\/revisions"}],"wp:featuredmedia":[{"embeddable":true,"href":"https:\/\/diarioregionaldigital.com.br\/index.php?rest_route=\/wp\/v2\/media\/131156"}],"wp:attachment":[{"href":"https:\/\/diarioregionaldigital.com.br\/index.php?rest_route=%2Fwp%2Fv2%2Fmedia&parent=131153"}],"wp:term":[{"taxonomy":"category","embeddable":true,"href":"https:\/\/diarioregionaldigital.com.br\/index.php?rest_route=%2Fwp%2Fv2%2Fcategories&post=131153"},{"taxonomy":"post_tag","embeddable":true,"href":"https:\/\/diarioregionaldigital.com.br\/index.php?rest_route=%2Fwp%2Fv2%2Ftags&post=131153"}],"curies":[{"name":"wp","href":"https:\/\/api.w.org\/{rel}","templated":true}]}}