{"id":131150,"date":"2019-01-11T06:00:32","date_gmt":"2019-01-11T08:00:32","guid":{"rendered":"https:\/\/diarioregionaldigital.com.br\/?p=131150"},"modified":"2019-01-16T20:49:52","modified_gmt":"2019-01-16T22:49:52","slug":"plano-de-desenvolvimento-de-carreira-por-que-elaborar-um-2","status":"publish","type":"post","link":"https:\/\/diarioregionaldigital.com.br\/?p=131150","title":{"rendered":"Plano de desenvolvimento de carreira: por que elaborar um?"},"content":{"rendered":"<p>Elaborar um plano de desenvolvimento de carreira \u00e9 essencial para quem quer ter sucesso profissionalmente.O processo requer bastante paci\u00eancia, foco e determina\u00e7\u00e3o, mas os resultados gerados pela dedica\u00e7\u00e3o s\u00e3o muito relevantes para profissionais que desejam alcan\u00e7ar seus objetivos.<\/p>\n<p>Segundo Matta e Victoria (2015), a evolu\u00e7\u00e3o profissional acontece de forma mais r\u00e1pida para colaboradores que s\u00e3o orientados para resultados, possuem vis\u00e3o estrat\u00e9gica e sabem se conectar com outras pessoas. Mas, infelizmente, nem sempre essas caracter\u00edsticas se destacam, porque muitos deles possuem um n\u00edvel baixo de autoefic\u00e1cia: palavra definida por Albert Bandura, pesquisador da Universidade de Stanford, como a \u201ccren\u00e7a do indiv\u00edduo em sua capacidade de organizar e executar as a\u00e7\u00f5es requeridas para lidar com as situa\u00e7\u00f5es futuras\u201d.<\/p>\n<p>Quando o profissional tem baixa autoefic\u00e1cia, possui dificuldades em come\u00e7ar e concluir as atividades que se compromete a fazer. Por\u00e9m, ao elaborar um plano de desenvolvimento de carreira para trabalhar esse fator, consegue aumentar a pr\u00f3pria capacidade para desempenhar suas tarefas. Os autores explicam que esse plano pode ser compreendido a partir da Teoria Sociocognitiva de Carreira (SCCT). Esse estudo, que foi realizado com base na Teoria Sociocognitiva de Bandura, leva em considera\u00e7\u00e3o uma estrutura com tr\u00eas etapas: autoefic\u00e1cia,\u00a0 expectativas de resultados e objetivos.<\/p>\n<p>A autoefic\u00e1cia pode ser estimulada por meio de lembran\u00e7as de realiza\u00e7\u00f5es positivas que tivemos durante a vida, aumentando a autoconfian\u00e7a em rela\u00e7\u00e3o \u00e0 nossa capacidade de alcan\u00e7ar objetivos. Com isso, na segunda etapa, o alto n\u00edvel de autoefic\u00e1cia eleva nossas expectativas e motiva\u00e7\u00f5es em rela\u00e7\u00e3o \u00e0s a\u00e7\u00f5es que desejamos realizar.<\/p>\n<p>Por fim, a terceira fase visa descobrir onde estamos e onde desejamos chegar. A partir do panorama sobre a vida profissional no presente, identificamos os nossos objetivos e temos mais determina\u00e7\u00e3o para evoluir na carreira.<\/p>\n<p>Al\u00e9m de aumentar a autoefic\u00e1cia e a motiva\u00e7\u00e3o, o plano de desenvolvimento de carreira \u00e9 um dos meios mais eficazes de potencializar as caracter\u00edsticas relacionadas \u00e0 lideran\u00e7a e incentivar o profissional a chegar mais longe em tudo que se compromete a fazer.<\/p>\n<p>&nbsp;<\/p>\n<p><img loading=\"lazy\" decoding=\"async\" class=\"size-medium wp-image-131151 alignleft\" src=\"https:\/\/diarioregionaldigital.com.br\/wp-content\/uploads\/2019\/01\/fotosite-300x272.jpg\" alt=\"\" width=\"300\" height=\"272\" srcset=\"https:\/\/diarioregionaldigital.com.br\/wp-content\/uploads\/2019\/01\/fotosite-300x272.jpg 300w, https:\/\/diarioregionaldigital.com.br\/wp-content\/uploads\/2019\/01\/fotosite-360x326.jpg 360w, https:\/\/diarioregionaldigital.com.br\/wp-content\/uploads\/2019\/01\/fotosite.jpg 526w\" sizes=\"auto, (max-width: 300px) 100vw, 300px\" \/><\/p>\n<p>&nbsp;<\/p>\n<p><strong>Artigo por &#8211; Wilson de Menezes Cyrillo formado em economia pela Universidade Federal de Juiz de Fora (UFJF) e p\u00f3s-graduado em Engenharia Econ\u00f4mica, Marketing, Recursos Humanos e Gest\u00e3o Estrat\u00e9gica<\/strong><br \/>\n<strong>de Servi\u00e7os. Atualmente \u00e9 Mastercoach pela Sociedade Brasileira de Coaching nas \u00e1reas de Gest\u00e3o de Carreira, Psicologia Positiva, Executive Coach, Mentoring e MBA ONE DAY.<\/strong><\/p>\n<p>&nbsp;<\/p>\n<p>&nbsp;<\/p>\n<p>&nbsp;<\/p>\n<p>&nbsp;<\/p>\n<p><em>Refer\u00eancia:<\/em><\/p>\n<p><em>MATTA, Villela da. VICTORIA, Flora. Livro de Metodologia: Career Coaching. S\u00e3o Paulo: SBCOACHING Publishing, 2015.\u00a0<\/em><\/p>\n","protected":false},"excerpt":{"rendered":"<p>Elaborar um plano de desenvolvimento de carreira \u00e9 essencial para quem quer ter sucesso profissionalmente.O processo requer bastante paci\u00eancia, foco e determina\u00e7\u00e3o, mas os resultados gerados pela dedica\u00e7\u00e3o s\u00e3o muito relevantes para profissionais que desejam alcan\u00e7ar seus objetivos. Segundo Matta e Victoria (2015), a evolu\u00e7\u00e3o profissional acontece de forma mais r\u00e1pida para colaboradores que s\u00e3o [&hellip;]<\/p>\n","protected":false},"author":96,"featured_media":131152,"comment_status":"closed","ping_status":"closed","sticky":false,"template":"","format":"standard","meta":{"footnotes":""},"categories":[300,439],"tags":[],"class_list":["post-131150","post","type-post","status-publish","format-standard","has-post-thumbnail","hentry","category-coaches-club","category-ultima-hora"],"_links":{"self":[{"href":"https:\/\/diarioregionaldigital.com.br\/index.php?rest_route=\/wp\/v2\/posts\/131150","targetHints":{"allow":["GET"]}}],"collection":[{"href":"https:\/\/diarioregionaldigital.com.br\/index.php?rest_route=\/wp\/v2\/posts"}],"about":[{"href":"https:\/\/diarioregionaldigital.com.br\/index.php?rest_route=\/wp\/v2\/types\/post"}],"author":[{"embeddable":true,"href":"https:\/\/diarioregionaldigital.com.br\/index.php?rest_route=\/wp\/v2\/users\/96"}],"replies":[{"embeddable":true,"href":"https:\/\/diarioregionaldigital.com.br\/index.php?rest_route=%2Fwp%2Fv2%2Fcomments&post=131150"}],"version-history":[{"count":0,"href":"https:\/\/diarioregionaldigital.com.br\/index.php?rest_route=\/wp\/v2\/posts\/131150\/revisions"}],"wp:featuredmedia":[{"embeddable":true,"href":"https:\/\/diarioregionaldigital.com.br\/index.php?rest_route=\/wp\/v2\/media\/131152"}],"wp:attachment":[{"href":"https:\/\/diarioregionaldigital.com.br\/index.php?rest_route=%2Fwp%2Fv2%2Fmedia&parent=131150"}],"wp:term":[{"taxonomy":"category","embeddable":true,"href":"https:\/\/diarioregionaldigital.com.br\/index.php?rest_route=%2Fwp%2Fv2%2Fcategories&post=131150"},{"taxonomy":"post_tag","embeddable":true,"href":"https:\/\/diarioregionaldigital.com.br\/index.php?rest_route=%2Fwp%2Fv2%2Ftags&post=131150"}],"curies":[{"name":"wp","href":"https:\/\/api.w.org\/{rel}","templated":true}]}}