{"id":131142,"date":"2019-01-16T18:45:57","date_gmt":"2019-01-16T20:45:57","guid":{"rendered":"https:\/\/diarioregionaldigital.com.br\/?p=131142"},"modified":"2019-01-16T19:06:06","modified_gmt":"2019-01-16T21:06:06","slug":"bolsonaro-diz-a-macri-que-confia-na-modernizacao-do-mercosul","status":"publish","type":"post","link":"https:\/\/diarioregionaldigital.com.br\/?p=131142","title":{"rendered":"Bolsonaro diz a Macri que confia na moderniza\u00e7\u00e3o do Mercosul"},"content":{"rendered":"<p>Ao propor um brinde no almo\u00e7o oferecido pelo governo brasileiro \u00e0 comitiva argentina, o presidente Jair Bolsonaro disse estar confiante no que chamou de \u201cmoderniza\u00e7\u00e3o\u201d do Mercosul (bloco composto tamb\u00e9m por Uruguai e Paraguai, j\u00e1 que a Venezuela est\u00e1 temporariamente suspensa).<\/p>\n<p>Segundo Bolsonaro, o Brasil ser\u00e1 um firme aliado na constru\u00e7\u00e3o de uma regi\u00e3o mais integrada, de mais desenvolvimento e de mais oportunidades. \u201cEstamos confiantes na moderniza\u00e7\u00e3o do Mercosul, tanto em seu aperfei\u00e7oamento interno como na expans\u00e3o de suas rela\u00e7\u00f5es com o mundo\u201d.<\/p>\n<p>\u201cEstou seguro de que come\u00e7amos a escrever hoje um novo cap\u00edtulo na hist\u00f3ria das rela\u00e7\u00f5es entre Brasil e Argentina. Um cap\u00edtulo de amizade e coopera\u00e7\u00e3o renovadas entre nossos pa\u00edses para benef\u00edcio de nossos povos.\u201d<\/p>\n<h2>Reformas<\/h2>\n<p>Em seu discurso no Pal\u00e1cio do Itamaraty, Bolsonaro refor\u00e7ou que o governo brasileiro est\u00e1 decidido a levar adiante reformas econ\u00f4micas \u201cde envergadura\u201d, que soltem as amarras do crescimento e gerem emprego e renda. \u201cBuscamos aqui um Estado eficiente e um setor privado pujante. Buscamos ambiente que favore\u00e7a o empreendedor e abertura cada vez maior\u201d.<\/p>\n<h2>Crime organizado<\/h2>\n<p>O presidente citou ainda que percebe, na uni\u00e3o entre Brasil e Argentina, \u201cfirme determina\u00e7\u00e3o\u201d no combate ao crime organizado, citado por ele como um mal que angustia fam\u00edlias que h\u00e1 muito n\u00e3o toleram os n\u00edveis de viol\u00eancia a que o pa\u00eds chegou.<\/p>\n<p>\u201cEssa visita permitiu aos nossos governos tratar do aprofundamento da coopera\u00e7\u00e3o entre nossos pa\u00edses contra o crime. O Brasil ser\u00e1 sempre um firme aliado nesta luta&#8221;, disse.<\/p>\n<p>&nbsp;<\/p>\n<p>Fonte: Ag\u00eancia Brasil<\/p>\n","protected":false},"excerpt":{"rendered":"<p>Ao propor um brinde no almo\u00e7o oferecido pelo governo brasileiro \u00e0 comitiva argentina, o presidente Jair Bolsonaro disse estar confiante no que chamou de \u201cmoderniza\u00e7\u00e3o\u201d do Mercosul (bloco composto tamb\u00e9m por Uruguai e Paraguai, j\u00e1 que a Venezuela est\u00e1 temporariamente suspensa). Segundo Bolsonaro, o Brasil ser\u00e1 um firme aliado na constru\u00e7\u00e3o de uma regi\u00e3o mais [&hellip;]<\/p>\n","protected":false},"author":96,"featured_media":131143,"comment_status":"closed","ping_status":"closed","sticky":false,"template":"","format":"standard","meta":{"footnotes":""},"categories":[436,440,254,439],"tags":[],"class_list":["post-131142","post","type-post","status-publish","format-standard","has-post-thumbnail","hentry","category-destaque-da-semana","category-destaques-do-dia","category-politica","category-ultima-hora"],"_links":{"self":[{"href":"https:\/\/diarioregionaldigital.com.br\/index.php?rest_route=\/wp\/v2\/posts\/131142","targetHints":{"allow":["GET"]}}],"collection":[{"href":"https:\/\/diarioregionaldigital.com.br\/index.php?rest_route=\/wp\/v2\/posts"}],"about":[{"href":"https:\/\/diarioregionaldigital.com.br\/index.php?rest_route=\/wp\/v2\/types\/post"}],"author":[{"embeddable":true,"href":"https:\/\/diarioregionaldigital.com.br\/index.php?rest_route=\/wp\/v2\/users\/96"}],"replies":[{"embeddable":true,"href":"https:\/\/diarioregionaldigital.com.br\/index.php?rest_route=%2Fwp%2Fv2%2Fcomments&post=131142"}],"version-history":[{"count":0,"href":"https:\/\/diarioregionaldigital.com.br\/index.php?rest_route=\/wp\/v2\/posts\/131142\/revisions"}],"wp:featuredmedia":[{"embeddable":true,"href":"https:\/\/diarioregionaldigital.com.br\/index.php?rest_route=\/wp\/v2\/media\/131143"}],"wp:attachment":[{"href":"https:\/\/diarioregionaldigital.com.br\/index.php?rest_route=%2Fwp%2Fv2%2Fmedia&parent=131142"}],"wp:term":[{"taxonomy":"category","embeddable":true,"href":"https:\/\/diarioregionaldigital.com.br\/index.php?rest_route=%2Fwp%2Fv2%2Fcategories&post=131142"},{"taxonomy":"post_tag","embeddable":true,"href":"https:\/\/diarioregionaldigital.com.br\/index.php?rest_route=%2Fwp%2Fv2%2Ftags&post=131142"}],"curies":[{"name":"wp","href":"https:\/\/api.w.org\/{rel}","templated":true}]}}