{"id":131026,"date":"2019-01-15T19:09:51","date_gmt":"2019-01-15T21:09:51","guid":{"rendered":"https:\/\/diarioregionaldigital.com.br\/?p=131026"},"modified":"2019-01-15T19:09:51","modified_gmt":"2019-01-15T21:09:51","slug":"policia-militar-mantem-operacao-no-bairro-dom-bosco","status":"publish","type":"post","link":"https:\/\/diarioregionaldigital.com.br\/?p=131026","title":{"rendered":"Pol\u00edcia Militar mant\u00e9m opera\u00e7\u00e3o no bairro Dom Bosco"},"content":{"rendered":"<p>A Pol\u00edcia Militar de Juiz de Fora, atrav\u00e9s do 27\u00b0 batalh\u00e3o, segue com a Opera\u00e7\u00e3o \u2018Excalibur\u2019, no bairro Dom Bosco, zona Sul da cidade. A opera\u00e7\u00e3o teve in\u00edcio na \u00faltima sexta-feira, 11, e segue sem data para terminar. A a\u00e7\u00e3o da PM vem como resposta aos v\u00eddeos que viralizaram nas redes sociais em que jovens aparecem ostentando armas e fazendo disparos para o alto em um suposto baile que ocorria em ponto do bairro conhecido como Chapad\u00e3o. Nas imagens \u00e9 poss\u00edvel ver sete jovens com cinco armas de fogo. Um dos rapazes do v\u00eddeo aparece segurando tr\u00eas armas nas m\u00e3os. Al\u00e9m disso, a regi\u00e3o foi alvo de registros de outras ocorr\u00eancias e desde ent\u00e3o o local vem sendo monitorado pela Pol\u00edcia Militar.<\/p>\n<p>No primeiro dia de opera\u00e7\u00e3o, foram cumpridos seis mandados de busca e apreens\u00e3o e dois mandados de pris\u00e3o, tendo como alvos os suspeitos que aparecem nos v\u00eddeos, que foram identificados. Os dois suspeitos que aparecem nas imagens n\u00e3o foram localizados porque j\u00e1 teriam deixado o bairro. Os mandados seguem em aberto. O Tenente Alo\u00edsio Vargas, Assessor de Comunica\u00e7\u00e3o do 27\u00b0 BPM, ressalta que a regi\u00e3o onde a a\u00e7\u00e3o foi desencadeada sempre \u00e9 monitorada pela pol\u00edcia. \u201cNaquela regi\u00e3o, assim como em outros bairros que temos algum tipo de problema, a pol\u00edcia est\u00e1 sempre atuando de forma rotineira. Com os v\u00eddeos e essa afronta desses indiv\u00edduos, a institui\u00e7\u00e3o, por meio do nosso comando, planejou essa opera\u00e7\u00e3o para dar essa reposta para a popula\u00e7\u00e3o na altura do que eles provocaram com a divulga\u00e7\u00e3o desses v\u00eddeos\u201d, comenta.<\/p>\n<p>Al\u00e9m das guarni\u00e7\u00f5es do 27\u00b0BPM, quem tem a responsabilidade territorial do bairro, a 4\u00aa Companhia Independente de Policiamento Especializado (4\u00aa Cia PM Ind PE), com a presen\u00e7a das equipes de blitz, canil e Grupo Especializado em Radiopatrulhamento (GER), e a 4\u00aa BRAvE (Companhia de Radiopatrulhamento A\u00e9reo), tamb\u00e9m atuam na opera\u00e7\u00e3o. \u201cEsses s\u00e3o os principais recursos que temos para atua\u00e7\u00e3o, seja na entrada do bairro ou no interior. Por tempo indeterminado esse planejamento vai ser mantido no local, n\u00e3o s\u00f3 por conta dos v\u00eddeos, mas para evitar e coibir esse tipo de organiza\u00e7\u00e3o. Essa a\u00e7\u00e3o \u00e9 um complemento, um refor\u00e7o para as a\u00e7\u00f5es que estamos realizando no bairro\u201d, explica. O oficial ainda informa que \u00e9 poss\u00edvel que os v\u00eddeos tenham sido gravados nos bailes ilegais que ocorrem na regi\u00e3o do Chapad\u00e3o.<\/p>\n<div id=\"attachment_131028\" style=\"width: 567px\" class=\"wp-caption aligncenter\"><img loading=\"lazy\" decoding=\"async\" aria-describedby=\"caption-attachment-131028\" class=\" wp-image-131028\" src=\"https:\/\/diarioregionaldigital.com.br\/wp-content\/uploads\/2019\/01\/RAFAELA-FRUTUOSO-usar-essa-2-4-300x200.jpg\" alt=\"\" width=\"557\" height=\"371\" srcset=\"https:\/\/diarioregionaldigital.com.br\/wp-content\/uploads\/2019\/01\/RAFAELA-FRUTUOSO-usar-essa-2-4-300x200.jpg 300w, https:\/\/diarioregionaldigital.com.br\/wp-content\/uploads\/2019\/01\/RAFAELA-FRUTUOSO-usar-essa-2-4-768x512.jpg 768w, https:\/\/diarioregionaldigital.com.br\/wp-content\/uploads\/2019\/01\/RAFAELA-FRUTUOSO-usar-essa-2-4-1024x683.jpg 1024w, https:\/\/diarioregionaldigital.com.br\/wp-content\/uploads\/2019\/01\/RAFAELA-FRUTUOSO-usar-essa-2-4-360x240.jpg 360w\" sizes=\"auto, (max-width: 557px) 100vw, 557px\" \/><p id=\"caption-attachment-131028\" class=\"wp-caption-text\">A regi\u00e3o foi alvo de registros de outras ocorr\u00eancias e desde ent\u00e3o o local vem sendo monitorado pela Pol\u00edcia Militar. Foto: Rafaela Frutuoso<\/p><\/div>\n<p>Ap\u00f3s o in\u00edcio da opera\u00e7\u00e3o \u2018Excalibur\u2019, mais uma ocorr\u00eancia de assalto foi registrada no bairro. Na s\u00e1bado, 12, um dia ap\u00f3s a a\u00e7\u00e3o ser desencadeada, uma mulher, 29 anos, foi rendida por uma criminoso que apontava uma arma de fogo para sua barriga exigindo que ela entregasse o celular. A ocorr\u00eancia foi registrada em um ponto de \u00f4nibus da rua Vicente Beghelli, principal via do bairro. Ainda na manh\u00e3 desta mesma data, jovens que estavam pr\u00f3ximos ao local do crime anterior, na entrada do Campus da UFJF, anunciaram um roubo e assustou pessoas que passavam pelo entorno. O fato mobilizou a PM e outros vigilantes pr\u00f3ximos ao escad\u00e3o, na altura do posto do Corpo de Bombeiros, que liga o bairro Dom Bosco a universidade. Tenente Vargas ressalta que o ocorrido se trata de um \u201cproblema social\u201d. \u201cInfelizmente n\u00e3o somos onipresentes. O patrulhamento vem sendo realiza e o infrator que tem a inten\u00e7\u00e3o de roubar fica aguardando a aus\u00eancia de vigil\u00e2ncia e uma v\u00edtima vulner\u00e1vel\u201d, disse. Ele orienta que quem for v\u00edtima ou visualizar um crime deve acionar a PM pelo 190 o mais r\u00e1pido poss\u00edvel. \u201cInformar a PM para chegarmos o mais r\u00e1pido poss\u00edvel porque o crime est\u00e1 ocorrendo ou j\u00e1 ocorreu. O mais importante naquele momento \u00e9 uma repress\u00e3o qualificada e isso come\u00e7a com o acionamento r\u00e1pido da Pol\u00edcia Militar\u201d, orienta.<\/p>\n<p>Na terceira fase da manobra, os policiais militares atuam na entrada e no interior do bairro, em diferentes pontos. \u201cAs a\u00e7\u00f5es s\u00e3o um incremento do que j\u00e1 existia, com realiza\u00e7\u00e3o de eventuais abordagens \u00e0 pessoas ou ve\u00edculos em atitudes suspeitas, realiza\u00e7\u00e3o de blitz e patrulhamentos noturnos no Chapad\u00e3o. S\u00e3o a\u00e7\u00f5es realizadas para resgatar a tranquilidade do cidad\u00e3os de bem do bairro perderam com a divulga\u00e7\u00e3o desses v\u00eddeos\u201d, explica. Oficial ainda pontua que o maior cliente da Pol\u00edcia Militar \u00e9 a popula\u00e7\u00e3o. Ele tamb\u00e9m refor\u00e7a que a melhor forma da popula\u00e7\u00e3o ajudar a PM e os demais \u00f3rg\u00e3os \u00e9 realizando den\u00fancias, mesmo que de forma an\u00f4nima, atrav\u00e9s do Disque Den\u00fancia 181. \u201cA PM busca sempre, seja nas suas a\u00e7\u00f5es ou nas opera\u00e7\u00f5es, estreitar os la\u00e7os comunit\u00e1rios. Nosso maior cliente n\u00e3o \u00e9 o infrator \u00e9 o cidad\u00e3o de bem, que \u00e9 quem n\u00f3s servimos. N\u00e3o estamos ali apenas para abordar infratores, estamos sempre em contato com esses moradores para resgatar a paz na regi\u00e3o\u201d, conclui.<\/p>\n","protected":false},"excerpt":{"rendered":"<p>A Pol\u00edcia Militar de Juiz de Fora, atrav\u00e9s do 27\u00b0 batalh\u00e3o, segue com a Opera\u00e7\u00e3o \u2018Excalibur\u2019, no bairro Dom Bosco, zona Sul da cidade. A opera\u00e7\u00e3o teve in\u00edcio na \u00faltima sexta-feira, 11, e segue sem data para terminar. A a\u00e7\u00e3o da PM vem como resposta aos v\u00eddeos que viralizaram nas redes sociais em que jovens [&hellip;]<\/p>\n","protected":false},"author":96,"featured_media":131027,"comment_status":"closed","ping_status":"closed","sticky":false,"template":"","format":"standard","meta":{"footnotes":""},"categories":[253,436,440,439],"tags":[],"class_list":["post-131026","post","type-post","status-publish","format-standard","has-post-thumbnail","hentry","category-cidade","category-destaque-da-semana","category-destaques-do-dia","category-ultima-hora"],"_links":{"self":[{"href":"https:\/\/diarioregionaldigital.com.br\/index.php?rest_route=\/wp\/v2\/posts\/131026","targetHints":{"allow":["GET"]}}],"collection":[{"href":"https:\/\/diarioregionaldigital.com.br\/index.php?rest_route=\/wp\/v2\/posts"}],"about":[{"href":"https:\/\/diarioregionaldigital.com.br\/index.php?rest_route=\/wp\/v2\/types\/post"}],"author":[{"embeddable":true,"href":"https:\/\/diarioregionaldigital.com.br\/index.php?rest_route=\/wp\/v2\/users\/96"}],"replies":[{"embeddable":true,"href":"https:\/\/diarioregionaldigital.com.br\/index.php?rest_route=%2Fwp%2Fv2%2Fcomments&post=131026"}],"version-history":[{"count":0,"href":"https:\/\/diarioregionaldigital.com.br\/index.php?rest_route=\/wp\/v2\/posts\/131026\/revisions"}],"wp:featuredmedia":[{"embeddable":true,"href":"https:\/\/diarioregionaldigital.com.br\/index.php?rest_route=\/wp\/v2\/media\/131027"}],"wp:attachment":[{"href":"https:\/\/diarioregionaldigital.com.br\/index.php?rest_route=%2Fwp%2Fv2%2Fmedia&parent=131026"}],"wp:term":[{"taxonomy":"category","embeddable":true,"href":"https:\/\/diarioregionaldigital.com.br\/index.php?rest_route=%2Fwp%2Fv2%2Fcategories&post=131026"},{"taxonomy":"post_tag","embeddable":true,"href":"https:\/\/diarioregionaldigital.com.br\/index.php?rest_route=%2Fwp%2Fv2%2Ftags&post=131026"}],"curies":[{"name":"wp","href":"https:\/\/api.w.org\/{rel}","templated":true}]}}