{"id":131010,"date":"2019-01-15T06:57:16","date_gmt":"2019-01-15T08:57:16","guid":{"rendered":"https:\/\/diarioregionaldigital.com.br\/?p=131010"},"modified":"2019-01-15T15:23:34","modified_gmt":"2019-01-15T17:23:34","slug":"ufjf-divulga-resultado-final-do-pism-iii","status":"publish","type":"post","link":"https:\/\/diarioregionaldigital.com.br\/?p=131010","title":{"rendered":"UFJF divulga resultado final do Pism III"},"content":{"rendered":"<p>A Universidade Federal de Juiz de Fora (UFJF) divulgou na tarde desta ter\u00e7a-feira, 15, o resultado final do m\u00f3dulo III do Programa de Ingresso Seletivo Misto (Pism). Nesta edi\u00e7\u00e3o foram oferecidas 2.318 vagas em 72 cursos. O resultado final est\u00e1 dispon\u00edvel no\u00a0<a href=\"http:\/\/www.ufjf.br\/copese\/\" target=\"_blank\" rel=\"noopener\">site da Coordena\u00e7\u00e3o Geral de Processos Seletivos (Copese)<\/a>.<\/p>\n<p>Al\u00e9m do resultado final, a Coordena\u00e7\u00e3o Geral de Processos Seletivos (Copese) tamb\u00e9m divulgou as notas de corte para cada curso e modalidade de acesso e o resultado final do Vestibular de M\u00fasica 2019.<\/p>\n<p>As notas divulgadas j\u00e1 passaram pelas\u00a0revis\u00f5es solicitadas\u00a0pelos candidatos e n\u00e3o s\u00e3o pass\u00edveis de recurso. Os aprovados devem realizar pr\u00e9-matr\u00edcula on-line das 12h do dia 18 de janeiro at\u00e9 as 23h59 do dia 22 de janeiro, no site da\u00a0Coordenadoria de Assuntos e Registros Acad\u00eamicos (Cdara).<\/p>\n<p>A matr\u00edcula presencial ocorre entre os dias 29 de janeiro e 1\u00ba de fevereiro. A data e o hor\u00e1rio s\u00e3o diferentes para cada curso e devem ser consultados no\u00a0<a href=\"http:\/\/www.ufjf.br\/cdara\/pism-vestibular\/pism-2019\/documentacao-datas-e-horarios\/\" target=\"_blank\" rel=\"noopener\">cronograma<\/a>\u00a0disponibilizado no site da Cdara. Para realizar a matr\u00edcula presencial, \u00e9 preciso ter feito a pr\u00e9-matr\u00edcula on-line e portar os documentos exigidos de acordo com o grupo de vagas do candidato. A lista da documenta\u00e7\u00e3o necess\u00e1ria e os formul\u00e1rios que devem ser preenchidos podem ser acessados no\u00a0<a href=\"http:\/\/www.ufjf.br\/cdara\/pism-vestibular\/pism-2019\/documentacao-datas-e-horarios\/\" target=\"_blank\" rel=\"noopener\">edital do Pism<\/a>.<\/p>\n<p>Os prazos para pr\u00e9-matr\u00edcula on-line e matr\u00edculas presencial tamb\u00e9m s\u00e3o v\u00e1lidos para quem foi aprovado na chamada regular para ingresso no 2\u00ba semestre. \u00c9 importante que estes candidatos acompanhem os\u00a0<a href=\"http:\/\/www.ufjf.br\/cdara\/pism-vestibular\/pism-2019\/\" target=\"_blank\" rel=\"noopener\">editais de antecipa\u00e7\u00e3o<\/a>, pois seu ingresso pode ser antecipado para o 1\u00ba semestre.<\/p>\n<p><b>Editais de reclassifica\u00e7\u00e3o<\/b><\/p>\n<p>Os candidatos que n\u00e3o foram aprovados na primeira chamada devem acompanhar os editais de reclassifica\u00e7\u00e3o, cujo\u00a0<a href=\"http:\/\/www.ufjf.br\/cdara\/pism-vestibular\/pism-2019\/cronograma-de-reclassificacoes\/\" target=\"_blank\" rel=\"noopener\">cronograma<\/a>\u00a0com as datas de divulga\u00e7\u00e3o est\u00e1 dispon\u00edvel no site da Cdara. Al\u00e9m de cinco editais de reclassifica\u00e7\u00e3o para ingresso no primeiro semestre, h\u00e1 ainda 11 reclassifica\u00e7\u00f5es para matr\u00edcula no 2\u00ba semestre. O primeiro edital ser\u00e1 divulgado no dia 13 de fevereiro.<\/p>\n<p>Fonte: UFJF<\/p>\n","protected":false},"excerpt":{"rendered":"<p>A Universidade Federal de Juiz de Fora (UFJF) divulgou na tarde desta ter\u00e7a-feira, 15, o resultado final do m\u00f3dulo III do Programa de Ingresso Seletivo Misto (Pism). Nesta edi\u00e7\u00e3o foram oferecidas 2.318 vagas em 72 cursos. O resultado final est\u00e1 dispon\u00edvel no\u00a0site da Coordena\u00e7\u00e3o Geral de Processos Seletivos (Copese). Al\u00e9m do resultado final, a Coordena\u00e7\u00e3o [&hellip;]<\/p>\n","protected":false},"author":96,"featured_media":107832,"comment_status":"closed","ping_status":"closed","sticky":false,"template":"","format":"standard","meta":{"footnotes":""},"categories":[253,436,440,262,439],"tags":[],"class_list":["post-131010","post","type-post","status-publish","format-standard","has-post-thumbnail","hentry","category-cidade","category-destaque-da-semana","category-destaques-do-dia","category-noticias","category-ultima-hora"],"_links":{"self":[{"href":"https:\/\/diarioregionaldigital.com.br\/index.php?rest_route=\/wp\/v2\/posts\/131010","targetHints":{"allow":["GET"]}}],"collection":[{"href":"https:\/\/diarioregionaldigital.com.br\/index.php?rest_route=\/wp\/v2\/posts"}],"about":[{"href":"https:\/\/diarioregionaldigital.com.br\/index.php?rest_route=\/wp\/v2\/types\/post"}],"author":[{"embeddable":true,"href":"https:\/\/diarioregionaldigital.com.br\/index.php?rest_route=\/wp\/v2\/users\/96"}],"replies":[{"embeddable":true,"href":"https:\/\/diarioregionaldigital.com.br\/index.php?rest_route=%2Fwp%2Fv2%2Fcomments&post=131010"}],"version-history":[{"count":0,"href":"https:\/\/diarioregionaldigital.com.br\/index.php?rest_route=\/wp\/v2\/posts\/131010\/revisions"}],"wp:featuredmedia":[{"embeddable":true,"href":"https:\/\/diarioregionaldigital.com.br\/index.php?rest_route=\/wp\/v2\/media\/107832"}],"wp:attachment":[{"href":"https:\/\/diarioregionaldigital.com.br\/index.php?rest_route=%2Fwp%2Fv2%2Fmedia&parent=131010"}],"wp:term":[{"taxonomy":"category","embeddable":true,"href":"https:\/\/diarioregionaldigital.com.br\/index.php?rest_route=%2Fwp%2Fv2%2Fcategories&post=131010"},{"taxonomy":"post_tag","embeddable":true,"href":"https:\/\/diarioregionaldigital.com.br\/index.php?rest_route=%2Fwp%2Fv2%2Ftags&post=131010"}],"curies":[{"name":"wp","href":"https:\/\/api.w.org\/{rel}","templated":true}]}}