{"id":130989,"date":"2019-01-15T14:08:19","date_gmt":"2019-01-15T16:08:19","guid":{"rendered":"https:\/\/diarioregionaldigital.com.br\/?p=130989"},"modified":"2019-01-15T14:08:19","modified_gmt":"2019-01-15T16:08:19","slug":"ipea-ve-inflacao-em-dobro-para-classe-de-baixa-renda","status":"publish","type":"post","link":"https:\/\/diarioregionaldigital.com.br\/?p=130989","title":{"rendered":"Ipea v\u00ea infla\u00e7\u00e3o em dobro para classe de baixa renda"},"content":{"rendered":"<p>Pressionada pelos aumentos nos pre\u00e7os dos alimentos e do reajuste dos alugu\u00e9is, o Indicador Ipea (Instituto de Pesquisa Econ\u00f4mica e Aplicada) de Infla\u00e7\u00e3o por Faixa de Renda referente a dezembro do ano passado apontou infla\u00e7\u00e3o em dobro para classes de renda mais baixas.<\/p>\n<p>Divulgada nesta ter\u00e7a-feira, 15, pelo Instituto, o indicador mostra que as fam\u00edlias de menor poder aquisitivo \u201cforam as mais afetadas pela infla\u00e7\u00e3o de dezembro, embora a alta de pre\u00e7os tenha se intensificado em todas as classes\u201d.<\/p>\n<p>Segundo o levantamento, a infla\u00e7\u00e3o nos segmentos de renda mais baixa foi 0,21% ( com sal\u00e1rio menor que R$ 900), mais que o dobro dos 0,9% verificados na varia\u00e7\u00e3o de pre\u00e7os das classes mais ricas (maior que R$ 9 mil).<\/p>\n<p>O Indicador Ipea de Infla\u00e7\u00e3o por Faixa de Renda, \u00e9 calculado com base nas varia\u00e7\u00f5es de pre\u00e7os de bens e servi\u00e7os pesquisados pelo Sistema Nacional de \u00cdndice de Pre\u00e7os ao Consumidor (SNIPC), do Instituto Brasileiro de Geografia e Estat\u00edstica (IBGE).<\/p>\n<p>A influ\u00eancia do aumento dos pre\u00e7os dos alimentos decorreu, sobretudo, do aumento dos pre\u00e7os de alimentos, principalmente produtos\u00a0<em>in natura<\/em>\u00a0como legumes, que chegaram a subir 9%; verduras (2,3%); frutas (3%); e carnes (2%). \u201cItens que pesam na cesta de consumo das classes mais baixas\u201d, ressaltou o Ipea.<\/p>\n<p>O Ipea avaliou que a alta de itens de vestu\u00e1rio, como roupas femininas (2,3%), e o reajuste de 0,5% nos pre\u00e7os dos alugu\u00e9is \u201ctamb\u00e9m exerceram press\u00e3o maior sobre a infla\u00e7\u00e3o das camadas de renda mais baixa, anulando, inclusive, o al\u00edvio proporcionado pela defla\u00e7\u00e3o de 2% das tarifas de energia\u201d.<\/p>\n<p>Em contrapartida, O Ipea aponta a queda de 4,8% no pre\u00e7o da gasolina como \u201co principal fator de descompress\u00e3o inflacion\u00e1ria nas faixas de renda mais alta, que tamb\u00e9m se beneficiaram, ainda que em menor propor\u00e7\u00e3o, da redu\u00e7\u00e3o das tarifas de energia el\u00e9trica\u201d.<\/p>\n<p>A avalia\u00e7\u00e3o \u00e9 que, em dezembro, a infla\u00e7\u00e3o das fam\u00edlias mais ricas s\u00f3 n\u00e3o foi ainda menor devido aos aumentos das passagens a\u00e9reas (29,1%) e dos planos de sa\u00fade (0,8%).<\/p>\n<p>No acumulado de 2018, a infla\u00e7\u00e3o cresceu em todos os segmentos de renda, resultado do aumento dos pre\u00e7os dos alimentos a partir do 2\u00ba semestre e, sobretudo, dos reajustes dos combust\u00edveis e da energia el\u00e9trica entre junho e outubro.<\/p>\n<p>Embora as fam\u00edlias mais pobres tenham sofrido mais em dezembro, no acumulado de 12 meses a alta de pre\u00e7os neste segmento foi 3,5%, contra 3,9% nas faixas de renda mais alta.<\/p>\n<p>Para a t\u00e9cnica de planejamento e pesquisa do Ipea, Maria Andreia Parente Lameiras, em dezembro, embora o Indicador Ipea de Infla\u00e7\u00e3o por Faixa de Renda tenha registrado uma acelera\u00e7\u00e3o no ritmo de crescimento dos pre\u00e7os em todas as classes, esta foi bem mais intensa nos segmentos de renda mais baixa.<\/p>\n<p>&nbsp;<\/p>\n<p>Fonte: Ag\u00eancia Brasil<\/p>\n","protected":false},"excerpt":{"rendered":"<p>Pressionada pelos aumentos nos pre\u00e7os dos alimentos e do reajuste dos alugu\u00e9is, o Indicador Ipea (Instituto de Pesquisa Econ\u00f4mica e Aplicada) de Infla\u00e7\u00e3o por Faixa de Renda referente a dezembro do ano passado apontou infla\u00e7\u00e3o em dobro para classes de renda mais baixas. Divulgada nesta ter\u00e7a-feira, 15, pelo Instituto, o indicador mostra que as fam\u00edlias [&hellip;]<\/p>\n","protected":false},"author":96,"featured_media":130990,"comment_status":"closed","ping_status":"closed","sticky":false,"template":"","format":"standard","meta":{"footnotes":""},"categories":[302,436,262,439],"tags":[],"class_list":["post-130989","post","type-post","status-publish","format-standard","has-post-thumbnail","hentry","category-brasil-mundo","category-destaque-da-semana","category-noticias","category-ultima-hora"],"_links":{"self":[{"href":"https:\/\/diarioregionaldigital.com.br\/index.php?rest_route=\/wp\/v2\/posts\/130989","targetHints":{"allow":["GET"]}}],"collection":[{"href":"https:\/\/diarioregionaldigital.com.br\/index.php?rest_route=\/wp\/v2\/posts"}],"about":[{"href":"https:\/\/diarioregionaldigital.com.br\/index.php?rest_route=\/wp\/v2\/types\/post"}],"author":[{"embeddable":true,"href":"https:\/\/diarioregionaldigital.com.br\/index.php?rest_route=\/wp\/v2\/users\/96"}],"replies":[{"embeddable":true,"href":"https:\/\/diarioregionaldigital.com.br\/index.php?rest_route=%2Fwp%2Fv2%2Fcomments&post=130989"}],"version-history":[{"count":0,"href":"https:\/\/diarioregionaldigital.com.br\/index.php?rest_route=\/wp\/v2\/posts\/130989\/revisions"}],"wp:featuredmedia":[{"embeddable":true,"href":"https:\/\/diarioregionaldigital.com.br\/index.php?rest_route=\/wp\/v2\/media\/130990"}],"wp:attachment":[{"href":"https:\/\/diarioregionaldigital.com.br\/index.php?rest_route=%2Fwp%2Fv2%2Fmedia&parent=130989"}],"wp:term":[{"taxonomy":"category","embeddable":true,"href":"https:\/\/diarioregionaldigital.com.br\/index.php?rest_route=%2Fwp%2Fv2%2Fcategories&post=130989"},{"taxonomy":"post_tag","embeddable":true,"href":"https:\/\/diarioregionaldigital.com.br\/index.php?rest_route=%2Fwp%2Fv2%2Ftags&post=130989"}],"curies":[{"name":"wp","href":"https:\/\/api.w.org\/{rel}","templated":true}]}}