{"id":130966,"date":"2019-01-15T06:56:53","date_gmt":"2019-01-15T08:56:53","guid":{"rendered":"https:\/\/diarioregionaldigital.com.br\/?p=130966"},"modified":"2019-01-15T12:28:50","modified_gmt":"2019-01-15T14:28:50","slug":"bombeiros-combatem-incendio-em-apartamento-no-bairro-santa-helena","status":"publish","type":"post","link":"https:\/\/diarioregionaldigital.com.br\/?p=130966","title":{"rendered":"Bombeiros combatem inc\u00eandio em apartamento no bairro Santa Helena"},"content":{"rendered":"<p>Um pr\u00e9dio no bairro Santa Helena, perto da Pra\u00e7a Menelick de Carvalho, na regi\u00e3o Central de Juiz de Fora, precisou ser evacuado por conta do inc\u00eandio em um apartamento na manh\u00e3 desta ter\u00e7a-feira, 15.\u00a0Segundo informa\u00e7\u00f5es do Corpo de Bombeiros, no local, havia um inc\u00eandio em um dos apartamentos no 5\u00b0 andar do pr\u00e9dio.\u00a0Ningu\u00e9m ficou ferido. As causas ainda ser\u00e3o apuradas. Os moradores foram orientados quanto \u00e0s condi\u00e7\u00f5es de seguran\u00e7a e de sa\u00fade.<\/p>\n","protected":false},"excerpt":{"rendered":"<p>Um pr\u00e9dio no bairro Santa Helena, perto da Pra\u00e7a Menelick de Carvalho, na regi\u00e3o Central de Juiz de Fora, precisou ser evacuado por conta do inc\u00eandio em um apartamento na manh\u00e3 desta ter\u00e7a-feira, 15.\u00a0Segundo informa\u00e7\u00f5es do Corpo de Bombeiros, no local, havia um inc\u00eandio em um dos apartamentos no 5\u00b0 andar do pr\u00e9dio.\u00a0Ningu\u00e9m ficou ferido. [&hellip;]<\/p>\n","protected":false},"author":96,"featured_media":0,"comment_status":"closed","ping_status":"closed","sticky":false,"template":"","format":"standard","meta":{"footnotes":""},"categories":[253,436,440,439],"tags":[],"class_list":["post-130966","post","type-post","status-publish","format-standard","hentry","category-cidade","category-destaque-da-semana","category-destaques-do-dia","category-ultima-hora"],"_links":{"self":[{"href":"https:\/\/diarioregionaldigital.com.br\/index.php?rest_route=\/wp\/v2\/posts\/130966","targetHints":{"allow":["GET"]}}],"collection":[{"href":"https:\/\/diarioregionaldigital.com.br\/index.php?rest_route=\/wp\/v2\/posts"}],"about":[{"href":"https:\/\/diarioregionaldigital.com.br\/index.php?rest_route=\/wp\/v2\/types\/post"}],"author":[{"embeddable":true,"href":"https:\/\/diarioregionaldigital.com.br\/index.php?rest_route=\/wp\/v2\/users\/96"}],"replies":[{"embeddable":true,"href":"https:\/\/diarioregionaldigital.com.br\/index.php?rest_route=%2Fwp%2Fv2%2Fcomments&post=130966"}],"version-history":[{"count":0,"href":"https:\/\/diarioregionaldigital.com.br\/index.php?rest_route=\/wp\/v2\/posts\/130966\/revisions"}],"wp:attachment":[{"href":"https:\/\/diarioregionaldigital.com.br\/index.php?rest_route=%2Fwp%2Fv2%2Fmedia&parent=130966"}],"wp:term":[{"taxonomy":"category","embeddable":true,"href":"https:\/\/diarioregionaldigital.com.br\/index.php?rest_route=%2Fwp%2Fv2%2Fcategories&post=130966"},{"taxonomy":"post_tag","embeddable":true,"href":"https:\/\/diarioregionaldigital.com.br\/index.php?rest_route=%2Fwp%2Fv2%2Ftags&post=130966"}],"curies":[{"name":"wp","href":"https:\/\/api.w.org\/{rel}","templated":true}]}}