{"id":130954,"date":"2019-01-15T10:33:20","date_gmt":"2019-01-15T12:33:20","guid":{"rendered":"https:\/\/diarioregionaldigital.com.br\/?p=130954"},"modified":"2019-01-15T10:33:20","modified_gmt":"2019-01-15T12:33:20","slug":"flamengo-anuncia-que-desistiu-de-contratar-bruno-henrique-e-dede","status":"publish","type":"post","link":"https:\/\/diarioregionaldigital.com.br\/?p=130954","title":{"rendered":"Flamengo anuncia que desistiu de contratar Bruno Henrique e Ded\u00e9"},"content":{"rendered":"<p>\u201cEm rela\u00e7\u00e3o a novas contrata\u00e7\u00f5es, a gente ainda est\u00e1 analisando. O Bruno Henrique, atacante do Santos, o Flamengo n\u00e3o mais tentar\u00e1 sua contrata\u00e7\u00e3o, iremos sair da negocia\u00e7\u00e3o. O mesmo vale para o Ded\u00e9.\u201d<\/p>\n<p>Foi com essas palavras que o vice-diretor de futebol do Flamengo, Marcos Braz, comunicou a desist\u00eancia rubro-negra em contratar os dois atletas. A afirma\u00e7\u00e3o foi feita em entrevista coletiva concedida pelo dirigente nesta segunda-feira, durante a apresenta\u00e7\u00e3o do uruguaio Arrascaeta.<\/p>\n<p>Ded\u00e9 foi um pedido espec\u00edfico de Abel Braga, t\u00e9cnico do\u00a0Fla. Apesar de \u201cmuito impressionado\u201d com o desempenho da dupla formada por Rhodolfo e Rodrigo Caio, Abel\u00e3o ainda espera a contrata\u00e7\u00e3o de mais um jogador para a fun\u00e7\u00e3o defensiva.<\/p>\n<p>Quanto a Bruno Henrique, os cariocas n\u00e3o conseguiram chegar em um acordo com a diretoria do Santos. A demora do Peixe em responder \u00e0s ofertas propostas pelo Flamengo irritaram os dirigentes rubro-negros.<\/p>\n<p><strong>Fonte: Gazeta <\/strong><\/p>\n","protected":false},"excerpt":{"rendered":"<p>\u201cEm rela\u00e7\u00e3o a novas contrata\u00e7\u00f5es, a gente ainda est\u00e1 analisando. O Bruno Henrique, atacante do Santos, o Flamengo n\u00e3o mais tentar\u00e1 sua contrata\u00e7\u00e3o, iremos sair da negocia\u00e7\u00e3o. O mesmo vale para o Ded\u00e9.\u201d Foi com essas palavras que o vice-diretor de futebol do Flamengo, Marcos Braz, comunicou a desist\u00eancia rubro-negra em contratar os dois atletas. [&hellip;]<\/p>\n","protected":false},"author":96,"featured_media":130955,"comment_status":"closed","ping_status":"closed","sticky":false,"template":"","format":"standard","meta":{"footnotes":""},"categories":[257,439],"tags":[],"class_list":["post-130954","post","type-post","status-publish","format-standard","has-post-thumbnail","hentry","category-esporte","category-ultima-hora"],"_links":{"self":[{"href":"https:\/\/diarioregionaldigital.com.br\/index.php?rest_route=\/wp\/v2\/posts\/130954","targetHints":{"allow":["GET"]}}],"collection":[{"href":"https:\/\/diarioregionaldigital.com.br\/index.php?rest_route=\/wp\/v2\/posts"}],"about":[{"href":"https:\/\/diarioregionaldigital.com.br\/index.php?rest_route=\/wp\/v2\/types\/post"}],"author":[{"embeddable":true,"href":"https:\/\/diarioregionaldigital.com.br\/index.php?rest_route=\/wp\/v2\/users\/96"}],"replies":[{"embeddable":true,"href":"https:\/\/diarioregionaldigital.com.br\/index.php?rest_route=%2Fwp%2Fv2%2Fcomments&post=130954"}],"version-history":[{"count":0,"href":"https:\/\/diarioregionaldigital.com.br\/index.php?rest_route=\/wp\/v2\/posts\/130954\/revisions"}],"wp:featuredmedia":[{"embeddable":true,"href":"https:\/\/diarioregionaldigital.com.br\/index.php?rest_route=\/wp\/v2\/media\/130955"}],"wp:attachment":[{"href":"https:\/\/diarioregionaldigital.com.br\/index.php?rest_route=%2Fwp%2Fv2%2Fmedia&parent=130954"}],"wp:term":[{"taxonomy":"category","embeddable":true,"href":"https:\/\/diarioregionaldigital.com.br\/index.php?rest_route=%2Fwp%2Fv2%2Fcategories&post=130954"},{"taxonomy":"post_tag","embeddable":true,"href":"https:\/\/diarioregionaldigital.com.br\/index.php?rest_route=%2Fwp%2Fv2%2Ftags&post=130954"}],"curies":[{"name":"wp","href":"https:\/\/api.w.org\/{rel}","templated":true}]}}