{"id":130947,"date":"2019-01-15T09:58:31","date_gmt":"2019-01-15T11:58:31","guid":{"rendered":"https:\/\/diarioregionaldigital.com.br\/?p=130947"},"modified":"2019-01-15T09:58:31","modified_gmt":"2019-01-15T11:58:31","slug":"bolsonaro-faz-terceira-reuniao-ministerial-em-duas-semanas","status":"publish","type":"post","link":"https:\/\/diarioregionaldigital.com.br\/?p=130947","title":{"rendered":"Bolsonaro faz terceira reuni\u00e3o ministerial em duas semanas"},"content":{"rendered":"<p>Em duas semanas de governo, o presidente Jair Bolsonaro faz nesta ter\u00e7a-feira,\u00a015, a terceira reuni\u00e3o ministerial. Ser\u00e1 a primeira ap\u00f3s a confirma\u00e7\u00e3o dos nomes para a lideran\u00e7a do governo na C\u00e2mara, o deputado federal Major Victor Hugo (PSL-GO), e do porta-voz, general Ot\u00e1vio Santana do R\u00eago Barros.<\/p>\n<p>A reuni\u00e3o do Conselho de Ministros ocorre horas antes da cerim\u00f4nia de assinatura do decreto que flexibiliza a\u00a0<a href=\"http:\/\/agenciabrasil.ebc.com.br\/geral\/noticia\/2019-01\/bolsonaro-assina-amanha-decreto-que-flexibiliza-posse-de-armas-de-fogo\" target=\"_blank\" rel=\"noopener\">posse de armas<\/a>, segundo a Casa Civil. O texto regulamentar\u00e1 a posse de armas de fogo no pa\u00eds, uma das principais promessas de campanha do presidente da Rep\u00fablica.<\/p>\n<p>O decreto refere-se exclusivamente \u00e0 posse de armas. O porte de arma de fogo, ou seja, o direito de andar com a arma na rua ou no carro, n\u00e3o ser\u00e1 inclu\u00eddo no texto. A previs\u00e3o \u00e9 que seja facilitada a obten\u00e7\u00e3o de licen\u00e7a para manter armas em casa.<\/p>\n<p>Os detalhes do decreto, entretanto, n\u00e3o foram divulgados pela Casa Civil.\u00a0A expectativa \u00e9 que conceda 10 anos de prazo para renova\u00e7\u00e3o do registro de arma de fogo.<\/p>\n<p><strong>Fraudes<\/strong><\/p>\n<p>\u00c9 aguardada para esta semana a edi\u00e7\u00e3o da medida provis\u00f3ria (MP) que pretende reduzir de R$17 bilh\u00f5es a R$20 bilh\u00f5es as perdas na\u00a0<span id=\"OBJ_PREFIX_DWT369_com_zimbra_url\" role=\"link\"><a href=\"http:\/\/agenciabrasil.ebc.com.br\/economia\/noticia\/2019-01\/bolsonaro-recebe-proposta-para-combater-fraudes-e-privilegios-no-inss\" target=\"_blank\" rel=\"noopener\">seguridade social<\/a><\/span>\u00a0at\u00e9 dezembro. Ap\u00f3s reuni\u00f5es no Pal\u00e1cio do Planalto, o secret\u00e1rio especial da Previd\u00eancia e Trabalho, Rog\u00e9rio Marinho, afirmou que h\u00e1 mais de 2 milh\u00f5es de benef\u00edcios que devem ser auditados pela Receita Federal.<\/p>\n<p>Segundo Marinho, s\u00e3o benef\u00edcios que t\u00eam ind\u00edcios de ilicitude e devem passar por um mutir\u00e3o de investiga\u00e7\u00e3o. \u201cH\u00e1 relat\u00f3rios de a\u00e7\u00f5es anteriores, inclusive convalidados pelo TCU [Tribunal de Contas da Uni\u00e3o], que demonstram uma incid\u00eancia de 16% a 30% de fraudes nesse tipo de benef\u00edcio\u201d.<\/p>\n<p><strong>Lideran\u00e7a<\/strong><\/p>\n<p>Nessa segunda-feira, 14, Bolsonaro confirmou, por meio de sua conta no Twitter, a escolha do deputado federal Major Vitor Hugo (PSL-GO), de 41 anos, para ocupar a\u00a0<a href=\"http:\/\/agenciabrasil.ebc.com.br\/politica\/noticia\/2019-01\/major-vitor-hugo-sera-o-lider-do-governo-na-camara-confirma-bolsonaro\" target=\"_blank\" rel=\"noopener\">lideran\u00e7a do governo<\/a>\u00a0na C\u00e2mara.<\/p>\n<p>\u00c9 o primeiro mandato do parlamentar, que tem dito aos mais pr\u00f3ximos que seu ingresso na vida pol\u00edtica foi incentivado pelo presidente da Rep\u00fablica.<\/p>\n<p><strong>Porta-voz<\/strong><\/p>\n<p>O general Ot\u00e1vio Santana do<a href=\"http:\/\/agenciabrasil.ebc.com.br\/politica\/noticia\/2019-01\/bolsonaro-escolhe-general-rego-barros-como-porta-voz-da-presidencia\" target=\"_blank\" rel=\"noopener\">\u00a0R\u00eago Barros<\/a>\u00a0ser\u00e1 o porta-voz da Presid\u00eancia da Rep\u00fablica, segundo a Secretaria de Governo. O militar era o chefe do Centro de Comunica\u00e7\u00e3o Social do Ex\u00e9rcito, cargo que ocupava desde 2014.<\/p>\n<p>Como chefe do centro, R\u00eago Barros foi um dos principais assessores do ent\u00e3o comandante do Ex\u00e9rcito, general Eduardo Dias da Costa Villas B\u00f4as, que deixou o posto na semana passada e vai integrar a equipe do Gabinete de Seguran\u00e7a Institucional (GSI), a convite do presidente.<\/p>\n<p><em>Fonte: Ag\u00eancia Brasil<\/em><\/p>\n","protected":false},"excerpt":{"rendered":"<p>Em duas semanas de governo, o presidente Jair Bolsonaro faz nesta ter\u00e7a-feira,\u00a015, a terceira reuni\u00e3o ministerial. Ser\u00e1 a primeira ap\u00f3s a confirma\u00e7\u00e3o dos nomes para a lideran\u00e7a do governo na C\u00e2mara, o deputado federal Major Victor Hugo (PSL-GO), e do porta-voz, general Ot\u00e1vio Santana do R\u00eago Barros. A reuni\u00e3o do Conselho de Ministros ocorre horas [&hellip;]<\/p>\n","protected":false},"author":96,"featured_media":0,"comment_status":"closed","ping_status":"closed","sticky":false,"template":"","format":"standard","meta":{"footnotes":""},"categories":[254,439],"tags":[],"class_list":["post-130947","post","type-post","status-publish","format-standard","hentry","category-politica","category-ultima-hora"],"_links":{"self":[{"href":"https:\/\/diarioregionaldigital.com.br\/index.php?rest_route=\/wp\/v2\/posts\/130947","targetHints":{"allow":["GET"]}}],"collection":[{"href":"https:\/\/diarioregionaldigital.com.br\/index.php?rest_route=\/wp\/v2\/posts"}],"about":[{"href":"https:\/\/diarioregionaldigital.com.br\/index.php?rest_route=\/wp\/v2\/types\/post"}],"author":[{"embeddable":true,"href":"https:\/\/diarioregionaldigital.com.br\/index.php?rest_route=\/wp\/v2\/users\/96"}],"replies":[{"embeddable":true,"href":"https:\/\/diarioregionaldigital.com.br\/index.php?rest_route=%2Fwp%2Fv2%2Fcomments&post=130947"}],"version-history":[{"count":0,"href":"https:\/\/diarioregionaldigital.com.br\/index.php?rest_route=\/wp\/v2\/posts\/130947\/revisions"}],"wp:attachment":[{"href":"https:\/\/diarioregionaldigital.com.br\/index.php?rest_route=%2Fwp%2Fv2%2Fmedia&parent=130947"}],"wp:term":[{"taxonomy":"category","embeddable":true,"href":"https:\/\/diarioregionaldigital.com.br\/index.php?rest_route=%2Fwp%2Fv2%2Fcategories&post=130947"},{"taxonomy":"post_tag","embeddable":true,"href":"https:\/\/diarioregionaldigital.com.br\/index.php?rest_route=%2Fwp%2Fv2%2Ftags&post=130947"}],"curies":[{"name":"wp","href":"https:\/\/api.w.org\/{rel}","templated":true}]}}